{"id":691,"global_id":"traunsteiner-liste.de?id=691","global_id_lineage":["traunsteiner-liste.de?id=691"],"author":"2","status":"publish","date":"2024-09-07 17:54:23","date_utc":"2024-09-07 15:54:23","modified":"2024-09-07 17:54:23","modified_utc":"2024-09-07 15:54:23","url":"https:\/\/traunsteiner-liste.de\/?tribe_events=vortrag-genossenschaftliches-wohnen","rest_url":"https:\/\/traunsteiner-liste.de\/index.php?rest_route=\/tribe\/events\/v1\/events\/691","title":"Vortrag: Genossenschaftliches Wohnen","description":"<p><img loading=\"lazy\" decoding=\"async\" class=\"alignnone size-large wp-image-693\" src=\"http:\/\/traunsteiner-liste.de\/wordpress\/wp-content\/uploads\/2024\/09\/Vortrag-Wohnen-727x1024.png\" alt=\"\" width=\"629\" height=\"886\" srcset=\"https:\/\/traunsteiner-liste.de\/wordpress\/wp-content\/uploads\/2024\/09\/Vortrag-Wohnen-727x1024.png 727w, https:\/\/traunsteiner-liste.de\/wordpress\/wp-content\/uploads\/2024\/09\/Vortrag-Wohnen-213x300.png 213w, https:\/\/traunsteiner-liste.de\/wordpress\/wp-content\/uploads\/2024\/09\/Vortrag-Wohnen-768x1082.png 768w, https:\/\/traunsteiner-liste.de\/wordpress\/wp-content\/uploads\/2024\/09\/Vortrag-Wohnen-1090x1536.png 1090w, https:\/\/traunsteiner-liste.de\/wordpress\/wp-content\/uploads\/2024\/09\/Vortrag-Wohnen-1453x2048.png 1453w, https:\/\/traunsteiner-liste.de\/wordpress\/wp-content\/uploads\/2024\/09\/Vortrag-Wohnen-900x1268.png 900w, https:\/\/traunsteiner-liste.de\/wordpress\/wp-content\/uploads\/2024\/09\/Vortrag-Wohnen-1280x1804.png 1280w, https:\/\/traunsteiner-liste.de\/wordpress\/wp-content\/uploads\/2024\/09\/Vortrag-Wohnen.png 1540w\" sizes=\"auto, (max-width: 629px) 100vw, 629px\" \/><\/p>","excerpt":"","slug":"vortrag-genossenschaftliches-wohnen","image":false,"all_day":false,"start_date":"2024-09-23 18:30:00","start_date_details":{"year":"2024","month":"09","day":"23","hour":"18","minutes":"30","seconds":"00"},"end_date":"2024-09-23 18:30:00","end_date_details":{"year":"2024","month":"09","day":"23","hour":"18","minutes":"30","seconds":"00"},"utc_start_date":"2024-09-23 16:30:00","utc_start_date_details":{"year":"2024","month":"09","day":"23","hour":"16","minutes":"30","seconds":"00"},"utc_end_date":"2024-09-23 16:30:00","utc_end_date_details":{"year":"2024","month":"09","day":"23","hour":"16","minutes":"30","seconds":"00"},"timezone":"Europe\/Berlin","timezone_abbr":"CEST","cost":"","cost_details":{"currency_symbol":"","currency_code":"","currency_position":"prefix","values":[]},"website":"","show_map":false,"show_map_link":false,"hide_from_listings":false,"sticky":false,"featured":false,"categories":[],"tags":[],"venue":{"id":595,"author":"2","status":"publish","date":"2022-10-05 20:31:42","date_utc":"2022-10-05 18:31:42","modified":"2022-10-05 20:34:09","modified_utc":"2022-10-05 18:34:09","url":"https:\/\/traunsteiner-liste.de\/?tribe_venue=braeustueberl-hofbraeuhaus","venue":"Br\u00e4ust\u00fcberl Hofbr\u00e4uhaus","slug":"braeustueberl-hofbraeuhaus","address":"Stadtplatz 20","city":"Traunstein","json_ld":{"@type":"Place","name":"Br\u00e4ust\u00fcberl Hofbr\u00e4uhaus","description":"","url":"","address":{"@type":"PostalAddress","streetAddress":"Stadtplatz 20","addressLocality":"Traunstein"},"telephone":"","sameAs":""},"show_map":true,"show_map_link":true,"global_id":"traunsteiner-liste.de?id=595","global_id_lineage":["traunsteiner-liste.de?id=595"]},"organizer":[],"custom_fields":[],"json_ld":{"@context":"http:\/\/schema.org","@type":"Event","name":"Vortrag: Genossenschaftliches Wohnen","description":"","url":"https:\/\/traunsteiner-liste.de\/?tribe_events=vortrag-genossenschaftliches-wohnen","eventAttendanceMode":"https:\/\/schema.org\/OfflineEventAttendanceMode","eventStatus":"https:\/\/schema.org\/EventScheduled","startDate":"2024-09-23T18:30:00+02:00","endDate":"2024-09-23T18:30:00+02:00","location":{"@type":"Place","name":"Br\u00e4ust\u00fcberl Hofbr\u00e4uhaus","description":"","url":"","address":{"@type":"PostalAddress","streetAddress":"Stadtplatz 20","addressLocality":"Traunstein"},"telephone":"","sameAs":""},"performer":"Organization"}}