{"id":116,"date":"2016-09-29T22:22:37","date_gmt":"2016-09-29T20:22:37","guid":{"rendered":"http:\/\/traunsteiner-liste.de\/wordpress\/?p=116"},"modified":"2019-01-25T22:24:11","modified_gmt":"2019-01-25T21:24:11","slug":"antrag-20-ceta","status":"publish","type":"post","link":"https:\/\/traunsteiner-liste.de\/?p=116","title":{"rendered":"Antrag 20 CETA"},"content":{"rendered":"\n<h2 class=\"wp-block-heading\"><strong>Antrag 29.9.2016<br>der Fraktionen der&nbsp;<br>Traunsteiner Liste<\/strong><\/h2>\n\n\n\n<p><strong>Antrag<\/strong><br>Die Stadtratsfraktion \u201eTraunsteiner Liste\u201c stellt folgenden Antrag:&nbsp;<br>\u201eDer Stadtrat m\u00f6ge beschlie\u00dfen:&nbsp;<\/p>\n\n\n\n<p>1. Der Stadtrat spricht sich gegen das geplante europ\u00e4isch-kanadische Freihandelsabkommen CETA (Comprehensive Economic and Trade Agreement) aus.&nbsp;<\/p>\n\n\n\n<p>2. Die bayerische Landesregierung wird ersucht, CETA im Bundesrat abzulehnen\u201c.&nbsp;<\/p>\n\n\n\n<p><strong>Begr\u00fcndung:<\/strong><br>Zur Begr\u00fcndung wird auf die Ausf\u00fchrungen in dem Antrag vom 21.7.2016 (Anlage 1) Bezug genommen.&nbsp;<\/p>\n","protected":false},"excerpt":{"rendered":"<p>Antrag 29.9.2016der Fraktionen der&nbsp;Traunsteiner Liste AntragDie Stadtratsfraktion \u201eTraunsteiner Liste\u201c stellt folgenden Antrag:&nbsp;\u201eDer Stadtrat m\u00f6ge beschlie\u00dfen:&nbsp; 1. Der Stadtrat spricht sich gegen das geplante europ\u00e4isch-kanadische Freihandelsabkommen CETA (Comprehensive Economic and Trade [&hellip;]<\/p>\n","protected":false},"author":1,"featured_media":0,"comment_status":"open","ping_status":"open","sticky":false,"template":"","format":"standard","meta":{"footnotes":""},"categories":[4],"tags":[],"class_list":["post-116","post","type-post","status-publish","format-standard","hentry","category-stadtratsantrag"],"_links":{"self":[{"href":"https:\/\/traunsteiner-liste.de\/index.php?rest_route=\/wp\/v2\/posts\/116","targetHints":{"allow":["GET"]}}],"collection":[{"href":"https:\/\/traunsteiner-liste.de\/index.php?rest_route=\/wp\/v2\/posts"}],"about":[{"href":"https:\/\/traunsteiner-liste.de\/index.php?rest_route=\/wp\/v2\/types\/post"}],"author":[{"embeddable":true,"href":"https:\/\/traunsteiner-liste.de\/index.php?rest_route=\/wp\/v2\/users\/1"}],"replies":[{"embeddable":true,"href":"https:\/\/traunsteiner-liste.de\/index.php?rest_route=%2Fwp%2Fv2%2Fcomments&post=116"}],"version-history":[{"count":1,"href":"https:\/\/traunsteiner-liste.de\/index.php?rest_route=\/wp\/v2\/posts\/116\/revisions"}],"predecessor-version":[{"id":117,"href":"https:\/\/traunsteiner-liste.de\/index.php?rest_route=\/wp\/v2\/posts\/116\/revisions\/117"}],"wp:attachment":[{"href":"https:\/\/traunsteiner-liste.de\/index.php?rest_route=%2Fwp%2Fv2%2Fmedia&parent=116"}],"wp:term":[{"taxonomy":"category","embeddable":true,"href":"https:\/\/traunsteiner-liste.de\/index.php?rest_route=%2Fwp%2Fv2%2Fcategories&post=116"},{"taxonomy":"post_tag","embeddable":true,"href":"https:\/\/traunsteiner-liste.de\/index.php?rest_route=%2Fwp%2Fv2%2Ftags&post=116"}],"curies":[{"name":"wp","href":"https:\/\/api.w.org\/{rel}","templated":true}]}}