{"id":132,"date":"2012-05-24T22:37:14","date_gmt":"2012-05-24T20:37:14","guid":{"rendered":"http:\/\/traunsteiner-liste.de\/wordpress\/?p=132"},"modified":"2019-04-12T20:15:45","modified_gmt":"2019-04-12T18:15:45","slug":"antrag-15-windkraft","status":"publish","type":"post","link":"https:\/\/traunsteiner-liste.de\/?p=132","title":{"rendered":"Antrag 15 Windkraft"},"content":{"rendered":"\n<p><strong>fraktions\u00fcbergreifender Antrag 24.5.2012<br>der Fraktionen von\u00a0<br>SPD, UW, Gr\u00fcne, Traunsteiner Liste<\/strong><\/p>\n\n\n\n<p><strong>auf Behandlung des Themas &#8222;Windkraftnutzung in Traunstein&#8220;<\/strong><br><\/p>\n\n\n\n<p>Sehr geehrter Herr Oberb\u00fcrgermeister, die Fraktionen der SPD,der UW,der Gr\u00fcnen und Traunsteiner Liste stellen fest, dass bereits zwei Antr\u00e4ge zu diesem Thema(ein fraktions\u00fcbergreifender Antrag vom Juni 2011 und der Antrag der Traunsteiner Liste in der Stadtratssitzung vom 21.03.2012) nicht behandelt wurden mit der Begr\u00fcndung, das relevante Gutachten vom T\u00dcV-S\u00fcd sei noch nicht da. Dieses ist jetzt da. Ebenso sind die Fortschreibungen vom Regionalplan S\u00fcdostoberbayern vorhanden und der Verwaltung liegt die &#8222;Positivkarte&#8220; der sog. &#8222;Gebietskulisse Windkraft&#8220; vom bayerischen Umweltministerium vor.<\/p>\n\n\n\n<p><strong>Antrag<\/strong><br>Die Fraktionen der SPD,der UW, der Gr\u00fcnen und Traunsteiner Liste beantragen die umgehende Ver\u00f6ffentlichung der Ergebnisse \u00fcber die Fortschreibung des Regionalplanes S\u00fcdostoberbayern (RP 18), Teilabschnitt Windenergie, in dem die Such- und Restriktionsr\u00e4ume aufgef\u00fchrt sind und das inzwischen vorhandene T\u00dcV- S\u00fcd Gutachten, welches ebenfalls vom Regionalverband 18 in Auftrag gegeben wurde, soweit es das Stadtgebiet Traunstein betrifft.&nbsp;<br>Anhand dieser Ergebnisse soll der Stadtrat die M\u00f6glichkeit wahrnehmen einen oder mehrere geeignete Standorte f\u00fcr eine eventuelle B\u00fcrger- und\/oder Stadtwerkewindkraftanlage unter Federf\u00fchrung bzw. mit Beteiligung der Kommune zu pr\u00fcfen. Die geeigneten Standorte soll die Verwaltung, durch \u00dcbereinander legen der beiden genannten Karten, mit einer mittleren Windgeschwindigkeit von bevorzugt ab ca. 5 Meter pro Sekunde und mehr, erarbeiten. Die Ergebnisse bzw. Stellungnahmen sollen dem Regionalverband 18 mitgeteilt werden.&nbsp;<\/p>\n\n\n\n<p><strong>Begr\u00fcndung:<\/strong><br>Wir sind der festen \u00dcberzeugung, dass zum Erreichen des Zieles von 100% Strom aus alternativen Energien bis 2020 f\u00fcr unseren Landkreis auch die Stadt Traunstein ihren Beitrag leisten muss und dass auch hier auf die Windenergie im notwendigen Energiemix nicht verzichtet werden kann. Es wurden vom Regionalen Planungsverband 18 durch die im Antrag genannten Gutachten die Voraussetzungen geschaffen, jetzt unter Einbeziehung der \u00d6ffentlichkeit f\u00fcr Mensch und Natur geeignete Standorte zu finden. Immer mehr Kommunen nutzen diese M\u00f6glichkeit, indem sie ihre geeigneten Standorte bekannt geben. Um einen wirtschaftlichen Betrieb der Windkraftanlage(n) zu gew\u00e4hrleisten, sollten in den Suchr\u00e4umen (oder wenn n\u00f6tig in den Restriktionsr\u00e4umen) nur Nabenh\u00f6hen mit ca. 140 m und mittlere Windgeschwindigkeiten ab ca. 5 Meter pro Sekunde gew\u00e4hlt werden. Dann sind z.B. bei einer 2,3 MW-Anlage Strommengen von ca. 5 Millionen kWh pro Jahr m\u00f6glich.(Ein praktisches Beispiel: Der Ortsteil Kammer braucht pro Jahr ungef\u00e4hr 3,5 Millionen kwh!) Dies entspricht dem Strombedarf von ca. 1500 Haushalten pro Jahr. Die ben\u00f6tigte Fl\u00e4che f\u00fcr solch eine Anlage ist nur ca. 0,5 ha. Wenn die Windanlagengemeinschaft ihren Sitz in der Standortgemeinde hat, bleibt die Gewerbesteuer zu 100% in der Gemeinde. Die regionale Wertsch\u00f6pfung bleibt bei uns, weil die komplette Finanzierung einer Windkraftanlage von ca. 3,5 bis 4 Millionen Euro von den B\u00fcrgern und\/oder den Kommunen mit ihren Stadtwerken, der Rest von Banken aus der Region erfolgt. Dies sind nur ein paar Fakten um zu verdeutlichen, dass auf die regionale Windkraftnutzung auch bei uns gesetzt werden sollte. Dies ist auch ein weiterer Baustein, um dem gef\u00fcrchteten massiven Netzausbau von Norden nach S\u00fcden entgegenzuwirken.&nbsp;<\/p>\n\n\n\n<p>Wir beantragen daher, den Antrag unverz\u00fcglich in den zust\u00e4ndigen Aussch\u00fcssen und im Stadtrat \u00f6ffentlich zu behandeln.<\/p>\n","protected":false},"excerpt":{"rendered":"<p>fraktions\u00fcbergreifender Antrag 24.5.2012der Fraktionen von\u00a0SPD, UW, Gr\u00fcne, Traunsteiner Liste auf Behandlung des Themas &#8222;Windkraftnutzung in Traunstein&#8220; Sehr geehrter Herr Oberb\u00fcrgermeister, die Fraktionen der SPD,der UW,der Gr\u00fcnen und Traunsteiner Liste stellen [&hellip;]<\/p>\n","protected":false},"author":1,"featured_media":0,"comment_status":"closed","ping_status":"open","sticky":false,"template":"","format":"standard","meta":{"footnotes":""},"categories":[5,4],"tags":[],"class_list":["post-132","post","type-post","status-publish","format-standard","hentry","category-klimaschutz","category-stadtratsantrag"],"_links":{"self":[{"href":"https:\/\/traunsteiner-liste.de\/index.php?rest_route=\/wp\/v2\/posts\/132","targetHints":{"allow":["GET"]}}],"collection":[{"href":"https:\/\/traunsteiner-liste.de\/index.php?rest_route=\/wp\/v2\/posts"}],"about":[{"href":"https:\/\/traunsteiner-liste.de\/index.php?rest_route=\/wp\/v2\/types\/post"}],"author":[{"embeddable":true,"href":"https:\/\/traunsteiner-liste.de\/index.php?rest_route=\/wp\/v2\/users\/1"}],"replies":[{"embeddable":true,"href":"https:\/\/traunsteiner-liste.de\/index.php?rest_route=%2Fwp%2Fv2%2Fcomments&post=132"}],"version-history":[{"count":1,"href":"https:\/\/traunsteiner-liste.de\/index.php?rest_route=\/wp\/v2\/posts\/132\/revisions"}],"predecessor-version":[{"id":133,"href":"https:\/\/traunsteiner-liste.de\/index.php?rest_route=\/wp\/v2\/posts\/132\/revisions\/133"}],"wp:attachment":[{"href":"https:\/\/traunsteiner-liste.de\/index.php?rest_route=%2Fwp%2Fv2%2Fmedia&parent=132"}],"wp:term":[{"taxonomy":"category","embeddable":true,"href":"https:\/\/traunsteiner-liste.de\/index.php?rest_route=%2Fwp%2Fv2%2Fcategories&post=132"},{"taxonomy":"post_tag","embeddable":true,"href":"https:\/\/traunsteiner-liste.de\/index.php?rest_route=%2Fwp%2Fv2%2Ftags&post=132"}],"curies":[{"name":"wp","href":"https:\/\/api.w.org\/{rel}","templated":true}]}}