{"id":134,"date":"2012-03-21T22:38:46","date_gmt":"2012-03-21T21:38:46","guid":{"rendered":"http:\/\/traunsteiner-liste.de\/wordpress\/?p=134"},"modified":"2019-04-12T20:15:55","modified_gmt":"2019-04-12T18:15:55","slug":"antrag-14-windkraft","status":"publish","type":"post","link":"https:\/\/traunsteiner-liste.de\/?p=134","title":{"rendered":"Antrag 14: Windkraft"},"content":{"rendered":"\n<h2 class=\"wp-block-heading\"><strong>Antrag 21.3.2012<br>von Stadtr\u00e4ten der&nbsp;<br>Traunsteiner Liste<\/strong><\/h2>\n\n\n\n<p><strong>Windkraftnutzung auf dem Stadtgebiet Traunstein<\/strong><\/p>\n\n\n\n<p>Die Stadtr\u00e4te der Traunsteiner Liste stellen zum Thema Windkraftnutzung auf dem Stadtgebiet Traunstein, folgenden Antrag:&nbsp;<\/p>\n\n\n\n<p><strong>Antrag<\/strong><br>Der Stadtrat m\u00f6ge beschlie\u00dfen:<br>Der Stadtrat bef\u00fcrwortet auf dem Stadtgebiet grunds\u00e4tzlich die Windkraftnutzung.<br>Ebenfalls werden die genannten Suchr\u00e4ume und Restriktionsr\u00e4ume zur Kenntnis genommen und als eventuelle Standorte angesehen. Die genauen Standorte werden nach der Ver\u00f6ffentlichung des T\u00dcV-S\u00fcd Gutachten, welches der Planungsverband der Region 18 in Auftrag gab und der &#8222;Positivkarte&#8220; der sog. &#8222;Gebietskulisse Windkraft&#8220; vom bayerischen Umweltministerium, erarbeitet.&nbsp;<br><\/p>\n","protected":false},"excerpt":{"rendered":"<p>Antrag 21.3.2012von Stadtr\u00e4ten der&nbsp;Traunsteiner Liste Windkraftnutzung auf dem Stadtgebiet Traunstein Die Stadtr\u00e4te der Traunsteiner Liste stellen zum Thema Windkraftnutzung auf dem Stadtgebiet Traunstein, folgenden Antrag:&nbsp; AntragDer Stadtrat m\u00f6ge beschlie\u00dfen:Der Stadtrat [&hellip;]<\/p>\n","protected":false},"author":1,"featured_media":0,"comment_status":"closed","ping_status":"open","sticky":false,"template":"","format":"standard","meta":{"footnotes":""},"categories":[5,4],"tags":[],"class_list":["post-134","post","type-post","status-publish","format-standard","hentry","category-klimaschutz","category-stadtratsantrag"],"_links":{"self":[{"href":"https:\/\/traunsteiner-liste.de\/index.php?rest_route=\/wp\/v2\/posts\/134","targetHints":{"allow":["GET"]}}],"collection":[{"href":"https:\/\/traunsteiner-liste.de\/index.php?rest_route=\/wp\/v2\/posts"}],"about":[{"href":"https:\/\/traunsteiner-liste.de\/index.php?rest_route=\/wp\/v2\/types\/post"}],"author":[{"embeddable":true,"href":"https:\/\/traunsteiner-liste.de\/index.php?rest_route=\/wp\/v2\/users\/1"}],"replies":[{"embeddable":true,"href":"https:\/\/traunsteiner-liste.de\/index.php?rest_route=%2Fwp%2Fv2%2Fcomments&post=134"}],"version-history":[{"count":1,"href":"https:\/\/traunsteiner-liste.de\/index.php?rest_route=\/wp\/v2\/posts\/134\/revisions"}],"predecessor-version":[{"id":135,"href":"https:\/\/traunsteiner-liste.de\/index.php?rest_route=\/wp\/v2\/posts\/134\/revisions\/135"}],"wp:attachment":[{"href":"https:\/\/traunsteiner-liste.de\/index.php?rest_route=%2Fwp%2Fv2%2Fmedia&parent=134"}],"wp:term":[{"taxonomy":"category","embeddable":true,"href":"https:\/\/traunsteiner-liste.de\/index.php?rest_route=%2Fwp%2Fv2%2Fcategories&post=134"},{"taxonomy":"post_tag","embeddable":true,"href":"https:\/\/traunsteiner-liste.de\/index.php?rest_route=%2Fwp%2Fv2%2Ftags&post=134"}],"curies":[{"name":"wp","href":"https:\/\/api.w.org\/{rel}","templated":true}]}}