{"id":153,"date":"2009-02-25T20:42:09","date_gmt":"2009-02-25T19:42:09","guid":{"rendered":"http:\/\/traunsteiner-liste.de\/wordpress\/?p=153"},"modified":"2019-01-26T20:43:01","modified_gmt":"2019-01-26T19:43:01","slug":"antrag-9-baum-des-jahres","status":"publish","type":"post","link":"https:\/\/traunsteiner-liste.de\/?p=153","title":{"rendered":"Antrag 9 Baum des Jahres"},"content":{"rendered":"\n<h2 class=\"wp-block-heading\"><strong>Antrag der Traunsteiner Liste 25.2.2009<\/strong><\/h2>\n\n\n\n<p><strong>Baum des Jahres<\/strong><\/p>\n\n\n\n<p><strong>Der Stadtrat m\u00f6ge beschlie\u00dfen:&nbsp;<\/strong><\/p>\n\n\n\n<p>Die Stadt Traunstein pflanzt jedes Jahr am 25.April, dem internationalen Tag des Baumes, \u00f6ffentlich wirksam und an einem daf\u00fcr passenden Platz im Stadtgebiet den jeweiligen \u201eBaum des Jahres\u201c. Zum ersten Mal wird der Baum des Jahres 2009, ein Berg-Ahorn, in einer \u00f6ffentlichen Pflanzaktion am 25.4.2009 auf st\u00e4dtischem Grund und Boden gepflanzt.&nbsp;&nbsp;<\/p>\n\n\n\n<p><strong>Begr\u00fcndung:<\/strong><br>Mit dem allj\u00e4hrlichen Pflanzen des \u201eBaum des Jahres\u201c setzt die Stadt Traunstein ein sichtbares Zeichen zum Schutz der B\u00e4ume, ein Zeichen des Natur-, Lebens- und Umweltschutzes. B\u00e4ume sind Leben, sie binden das Treibhausgas CO\u00b2, sie sind Kohlenstoffspeicher. B\u00e4ume spenden Schatten und bilden den lebensnotwendigen Sauerstoff. B\u00e4ume sind die Lunge unseres Planeten Erde. B\u00e4ume sind lebendiges Kulturgut. Mir der Pflanzaktion \u201eBaum des Jahres\u201c soll gleichzeitig auf die jeweilige Baumart mit verst\u00e4rkter PR-Arbeit \u00f6ffentlich aufmerksam gemacht und informiert werden. Unter dem Motto \u201ePflanzen \u2013 Pflegen \u2013 Sch\u00fctzen\u201c weist der Tag des Baumes, der Baumfeiertag, in die Zukunft.&nbsp;<\/p>\n\n\n\n<p>Weitere Informationen unter&nbsp;<a href=\"http:\/\/www.baum-des-jahres.de\" target=\"_blank\" rel=\"noreferrer noopener\">www.baum-des-jahres.de<\/a><\/p>\n","protected":false},"excerpt":{"rendered":"<p>Antrag der Traunsteiner Liste 25.2.2009 Baum des Jahres Der Stadtrat m\u00f6ge beschlie\u00dfen:&nbsp; Die Stadt Traunstein pflanzt jedes Jahr am 25.April, dem internationalen Tag des Baumes, \u00f6ffentlich wirksam und an einem [&hellip;]<\/p>\n","protected":false},"author":2,"featured_media":0,"comment_status":"closed","ping_status":"open","sticky":false,"template":"","format":"standard","meta":{"footnotes":""},"categories":[4],"tags":[],"class_list":["post-153","post","type-post","status-publish","format-standard","hentry","category-stadtratsantrag"],"_links":{"self":[{"href":"https:\/\/traunsteiner-liste.de\/index.php?rest_route=\/wp\/v2\/posts\/153","targetHints":{"allow":["GET"]}}],"collection":[{"href":"https:\/\/traunsteiner-liste.de\/index.php?rest_route=\/wp\/v2\/posts"}],"about":[{"href":"https:\/\/traunsteiner-liste.de\/index.php?rest_route=\/wp\/v2\/types\/post"}],"author":[{"embeddable":true,"href":"https:\/\/traunsteiner-liste.de\/index.php?rest_route=\/wp\/v2\/users\/2"}],"replies":[{"embeddable":true,"href":"https:\/\/traunsteiner-liste.de\/index.php?rest_route=%2Fwp%2Fv2%2Fcomments&post=153"}],"version-history":[{"count":1,"href":"https:\/\/traunsteiner-liste.de\/index.php?rest_route=\/wp\/v2\/posts\/153\/revisions"}],"predecessor-version":[{"id":154,"href":"https:\/\/traunsteiner-liste.de\/index.php?rest_route=\/wp\/v2\/posts\/153\/revisions\/154"}],"wp:attachment":[{"href":"https:\/\/traunsteiner-liste.de\/index.php?rest_route=%2Fwp%2Fv2%2Fmedia&parent=153"}],"wp:term":[{"taxonomy":"category","embeddable":true,"href":"https:\/\/traunsteiner-liste.de\/index.php?rest_route=%2Fwp%2Fv2%2Fcategories&post=153"},{"taxonomy":"post_tag","embeddable":true,"href":"https:\/\/traunsteiner-liste.de\/index.php?rest_route=%2Fwp%2Fv2%2Ftags&post=153"}],"curies":[{"name":"wp","href":"https:\/\/api.w.org\/{rel}","templated":true}]}}