{"id":165,"date":"2009-01-01T20:49:50","date_gmt":"2009-01-01T19:49:50","guid":{"rendered":"http:\/\/traunsteiner-liste.de\/wordpress\/?p=165"},"modified":"2019-04-12T20:16:49","modified_gmt":"2019-04-12T18:16:49","slug":"antrag-7-dachneigung","status":"publish","type":"post","link":"https:\/\/traunsteiner-liste.de\/?p=165","title":{"rendered":"Antrag 7: Dachneigung"},"content":{"rendered":"\n<p><strong>Antrag der Traunsteiner Liste<\/strong>\u00a0<br><br><br><strong>Steilere D\u00e4cher in Traunstorf<\/strong><\/p>\n\n\n\n<p><strong>Der Stadtrat m\u00f6ge beschlie\u00dfen:&nbsp;<\/strong><\/p>\n\n\n\n<p>Im Bebauungsplan soll unter dem Punkt \u201eD\u00e4cher\u201c folgende Formulierung verwendet werden:<br>Die Dachneigung muss zwischen 16 Grad und 32 Grad betragen.&nbsp;<\/p>\n\n\n\n<p><strong>Begr\u00fcndung:<\/strong><br>Um eine gute Nutzung der Sonnenenergie zur Erzeugung von W\u00e4rme und\/oder Strom zu erm\u00f6glichen, ist es unbedingt n\u00f6tig, steilere Dachneigungen als die bisher geplanten 27Grad vorzusehen. Die intensive Nutzung der Sonnenenergie ist in Zeiten des Klimawandels ein Gebot der ersten Stunde und eine Dachneigung von 32Grad d\u00fcrfte auch einem ansprechenden Ortsbild nicht entgegenstehen.<\/p>\n","protected":false},"excerpt":{"rendered":"<p>Antrag der Traunsteiner Liste\u00a0 Steilere D\u00e4cher in Traunstorf Der Stadtrat m\u00f6ge beschlie\u00dfen:&nbsp; Im Bebauungsplan soll unter dem Punkt \u201eD\u00e4cher\u201c folgende Formulierung verwendet werden:Die Dachneigung muss zwischen 16 Grad und 32 [&hellip;]<\/p>\n","protected":false},"author":2,"featured_media":0,"comment_status":"closed","ping_status":"open","sticky":false,"template":"","format":"standard","meta":{"footnotes":""},"categories":[5,4],"tags":[],"class_list":["post-165","post","type-post","status-publish","format-standard","hentry","category-klimaschutz","category-stadtratsantrag"],"_links":{"self":[{"href":"https:\/\/traunsteiner-liste.de\/index.php?rest_route=\/wp\/v2\/posts\/165","targetHints":{"allow":["GET"]}}],"collection":[{"href":"https:\/\/traunsteiner-liste.de\/index.php?rest_route=\/wp\/v2\/posts"}],"about":[{"href":"https:\/\/traunsteiner-liste.de\/index.php?rest_route=\/wp\/v2\/types\/post"}],"author":[{"embeddable":true,"href":"https:\/\/traunsteiner-liste.de\/index.php?rest_route=\/wp\/v2\/users\/2"}],"replies":[{"embeddable":true,"href":"https:\/\/traunsteiner-liste.de\/index.php?rest_route=%2Fwp%2Fv2%2Fcomments&post=165"}],"version-history":[{"count":1,"href":"https:\/\/traunsteiner-liste.de\/index.php?rest_route=\/wp\/v2\/posts\/165\/revisions"}],"predecessor-version":[{"id":166,"href":"https:\/\/traunsteiner-liste.de\/index.php?rest_route=\/wp\/v2\/posts\/165\/revisions\/166"}],"wp:attachment":[{"href":"https:\/\/traunsteiner-liste.de\/index.php?rest_route=%2Fwp%2Fv2%2Fmedia&parent=165"}],"wp:term":[{"taxonomy":"category","embeddable":true,"href":"https:\/\/traunsteiner-liste.de\/index.php?rest_route=%2Fwp%2Fv2%2Fcategories&post=165"},{"taxonomy":"post_tag","embeddable":true,"href":"https:\/\/traunsteiner-liste.de\/index.php?rest_route=%2Fwp%2Fv2%2Ftags&post=165"}],"curies":[{"name":"wp","href":"https:\/\/api.w.org\/{rel}","templated":true}]}}