{"id":301,"date":"2019-10-29T19:04:54","date_gmt":"2019-10-29T18:04:54","guid":{"rendered":"http:\/\/traunsteiner-liste.de\/?p=301"},"modified":"2019-10-29T19:05:38","modified_gmt":"2019-10-29T18:05:38","slug":"traunsteiner-liste-besucht-das-projekt-coworking","status":"publish","type":"post","link":"https:\/\/traunsteiner-liste.de\/?p=301","title":{"rendered":"Traunsteiner Liste besucht das Projekt Coworking"},"content":{"rendered":"\n<p>&nbsp;Die Traunsteiner Liste ist sehr interessiert an sozialen, \u00f6kologischen und \u00f6konomischen Projekten, die es in Traunstein gibt. Deshalb wurde im Rahmen der letzten Mitgliederversammlung das \u201eCo-Working-Space\u201c besichtigt und von Herrn Fernsebner, dem Initiator und Gr\u00fcnder, das Konzept vorgestellt. Hier kann man Arbeitspl\u00e4tze f\u00fcr eine bestimmte Zeit anmieten. Die n\u00f6tige B\u00fcroinfrastruktur und die digitale Ausr\u00fcstung werden vom Anbieter bereitgestellt. Freiberufler und im Homeoffice t\u00e4tige Menschen nutzen dieses Angebot auch in Traunstein immer mehr, berichtete Herr Fernsebner.&nbsp;<\/p>\n\n\n\n<!--more-->\n\n\n\n<p>Ralph Joerger, der Vorsitzende der Traunsteiner Liste, fragte nach einem Werbeschild. Daf\u00fcr sei noch keine Genehmigung erteilt, wurde erkl\u00e4rt. Im ersten Stock konnten wir die flexiblen Arbeitsm\u00f6glichkeiten im sogenannten &#8222;Open Space&#8220;, und die festen Arbeitspl\u00e4tze (Fixdesks) besichtigen. Angeboten wird: ein schnelles Internet, ein schlichtes aber ansprechendes Ambiente. Die M\u00f6bel wurden zum gro\u00dfen Teil selbst mit einfachen Mitteln gebaut. Es gibt auch die M\u00f6glichkeit, eine Kaffeepause zu machen. Dabei k\u00f6nnen sich verschiedene M\u00f6glichkeiten des Wissensaustauschs, Beratungen und Hilfestellungen ergeben, da in diesem Arbeitsrahmen die verschiedensten Berufsgruppen zusammentreffen und sich austauschen k\u00f6nnen. Au\u00dferdem treffen sich die &#8222;Coworker&#8220; w\u00f6chentlich zu einem gemeinsamen Fr\u00fchst\u00fcck, das auch f\u00fcr den Austausch und zur Vernetzung von Wissen und Erfahrungen dient. Das ist das zweite wichtige Element von Coworking.&nbsp;<\/p>\n\n\n\n<p>Frau Gabriele Sachsenmeier erkundigte sich, aus welchen Bereichen die \u201eCoworker\u201c kommen. Sie seien aus den Bereichen der Fotographie, Softwareentwicklung, Gesundheitswesen, Training und Coaching, und Ingenieurwesen, erkl\u00e4rte Herr Fensebener. Er erz\u00e4hlte auch von einem Handwerker, der hier in diesem Rahmen endlich in Ruhe seine \u00dcberweisungen erledigen konnte.&nbsp;<\/p>\n\n\n\n<p>Rainer Schenk wollte wissen, wie sich das Unternehmen finanziert. Das seien auf der einen Seite die Einahmen aus den Vermietungen der Arbeitspl\u00e4tze, die verschieden gestaffelte Tarife, je nach der Benutzungszeit haben Zudem lagern verschiedene Firmen und Beh\u00f6rden ihre Arbeitspl\u00e4tze hierher aus oder mieten den Konferenzraum f\u00fcr Besprechungen an.&nbsp;<\/p>\n\n\n\n<p>Simon Steiner wollte wissen, ob es finanziell besser w\u00e4re, einen Verein zu gr\u00fcnden. Das wurde von Herrn Fernsebner verneint, da es auch sehr wichtig sei, die R\u00e4ume konstant zu pflegen, was im Rahmen von Freiwilligkeit in den Vereinen oft problematisch sei. Die Arbeitspl\u00e4tze werden inklusive Reinigung und Heizkosten vermietet. Ulrike Hoernes, Stadtr\u00e4tin der Traunsteiner Liste, \u00e4u\u00dferte sich sehr begeistert \u00fcber das Projekt Coworking, da zugleich auch ehemals leerstehende R\u00e4umlichkeiten wieder sinnvoll genutzt werden. Zudem w\u00e4re es nach ihrer Ansicht auch zu \u00fcberlegen, ob die Stadt die R\u00e4ume f\u00fcr Besprechungen o.\u00e4. nutzen k\u00f6nnte.&nbsp;<\/p>\n\n\n\n<p>Das Highlight der F\u00fchrung war der Konferenzraum im zweiten Stock. Von hier hat man einen beeindruckenden Rundumblick auf das Panorama auf Traunstein: vom Wochinger Spitz \u00fcber die Stadtpfarrkirche bis zur Salinenkapelle, davor das Ensemble der alten Salinenh\u00e4user. Man war sich einig, dass die R\u00e4umlichkeiten f\u00fcr Traunsteiner und auch Berufst\u00e4tige aus anderen St\u00e4dten ein angenehmes Umfeld mit professioneller, zeitgem\u00e4\u00dfer Ausstattung bieten, das in der \u00d6ffentlichkeit noch bekannter gemacht werden sollte.&nbsp;<\/p>\n\n\n\n<p>Homepage des CoWorking-Space: <a href=\"https:\/\/www.coworking-traunstein.de\">www.coworking-traunstein.de<\/a><\/p>\n","protected":false},"excerpt":{"rendered":"<p>&nbsp;Die Traunsteiner Liste ist sehr interessiert an sozialen, \u00f6kologischen und \u00f6konomischen Projekten, die es in Traunstein gibt. Deshalb wurde im Rahmen der letzten Mitgliederversammlung das \u201eCo-Working-Space\u201c besichtigt und von Herrn [&hellip;]<\/p>\n","protected":false},"author":2,"featured_media":0,"comment_status":"closed","ping_status":"open","sticky":false,"template":"","format":"standard","meta":{"footnotes":""},"categories":[1],"tags":[],"class_list":["post-301","post","type-post","status-publish","format-standard","hentry","category-uncategorized"],"_links":{"self":[{"href":"https:\/\/traunsteiner-liste.de\/index.php?rest_route=\/wp\/v2\/posts\/301","targetHints":{"allow":["GET"]}}],"collection":[{"href":"https:\/\/traunsteiner-liste.de\/index.php?rest_route=\/wp\/v2\/posts"}],"about":[{"href":"https:\/\/traunsteiner-liste.de\/index.php?rest_route=\/wp\/v2\/types\/post"}],"author":[{"embeddable":true,"href":"https:\/\/traunsteiner-liste.de\/index.php?rest_route=\/wp\/v2\/users\/2"}],"replies":[{"embeddable":true,"href":"https:\/\/traunsteiner-liste.de\/index.php?rest_route=%2Fwp%2Fv2%2Fcomments&post=301"}],"version-history":[{"count":3,"href":"https:\/\/traunsteiner-liste.de\/index.php?rest_route=\/wp\/v2\/posts\/301\/revisions"}],"predecessor-version":[{"id":304,"href":"https:\/\/traunsteiner-liste.de\/index.php?rest_route=\/wp\/v2\/posts\/301\/revisions\/304"}],"wp:attachment":[{"href":"https:\/\/traunsteiner-liste.de\/index.php?rest_route=%2Fwp%2Fv2%2Fmedia&parent=301"}],"wp:term":[{"taxonomy":"category","embeddable":true,"href":"https:\/\/traunsteiner-liste.de\/index.php?rest_route=%2Fwp%2Fv2%2Fcategories&post=301"},{"taxonomy":"post_tag","embeddable":true,"href":"https:\/\/traunsteiner-liste.de\/index.php?rest_route=%2Fwp%2Fv2%2Ftags&post=301"}],"curies":[{"name":"wp","href":"https:\/\/api.w.org\/{rel}","templated":true}]}}