{"id":348,"date":"2019-12-31T13:50:33","date_gmt":"2019-12-31T12:50:33","guid":{"rendered":"http:\/\/traunsteiner-liste.de\/?p=348"},"modified":"2019-12-31T13:51:33","modified_gmt":"2019-12-31T12:51:33","slug":"ralph-joerger-meine-ziele","status":"publish","type":"post","link":"https:\/\/traunsteiner-liste.de\/?p=348","title":{"rendered":"Ralph Joerger: Meine Ziele"},"content":{"rendered":"\n<div class=\"wp-block-image\"><figure class=\"aligncenter size-large is-resized\"><img loading=\"lazy\" decoding=\"async\" src=\"https:\/\/traunsteiner-liste.de\/wordpress\/wp-content\/uploads\/2019\/12\/Bildschirmfoto-2019-12-12-um-21.54.52.png\" alt=\"\" class=\"wp-image-350\" width=\"480\" height=\"401\" srcset=\"https:\/\/traunsteiner-liste.de\/wordpress\/wp-content\/uploads\/2019\/12\/Bildschirmfoto-2019-12-12-um-21.54.52.png 640w, https:\/\/traunsteiner-liste.de\/wordpress\/wp-content\/uploads\/2019\/12\/Bildschirmfoto-2019-12-12-um-21.54.52-300x250.png 300w\" sizes=\"auto, (max-width: 480px) 100vw, 480px\" \/><\/figure><\/div>\n\n\n\n<p>Als Kandidat f\u00fcr den Stadtrat<\/p>\n\n\n\n<h2 class=\"wp-block-heading\">\u00d6kologisch<\/h2>\n\n\n\n<p>Die Eind\u00e4mmung des Klimawandels ist derzeit Aufgabe h\u00f6chster Priorit\u00e4t<\/p>\n\n\n\n<p> Umsetzen aller F4F Forderungen, die im April 2019 an die Stadt \u00fcbergeben wurden.<\/p>\n\n\n\n<!--more-->\n\n\n\n<p>Ausrufung des Klimanotstands:<\/p>\n\n\n\n<p>Der Klimawandel sch\u00e4digt bereits heute die Gesundheit vieler Menschen, insbesondere die von Kindern. Viele Wissenschaftler warnen \u201euns\u00e4gliches menschliches Leid\u201c sei ohne ein grundlegendes Umsteuern nicht mehr zu verhindern (Zitat: Traunsteiner Tagblatt 2019-11-06). Mit steigender Tendenz liegt eine direkte Bedrohung f\u00fcr Leib und Leben vor. Die hiermit begr\u00fcndete Ausrufung des Notstand ist nicht nur eine blo\u00dfe Begrifflichkeit, sondern schafft die Grundlage f\u00fcr pragmatisches Handeln und eine sinnvolle Stadtpolitik. Die Verwendung des Begriffs auch im nicht juristischen Sinn, ist notwendig, um einforderbare Ma\u00dfnahmen ableiten zu k\u00f6nnen, und unterstreicht den festen Willen zum Handeln auch und besonders auch auf kommunaler Ebene. Der Kritik des CSU OB-Kandidaten \u201eIch will gscheide Politik machen und keine Symbolpolitik\u201c, setze ich entgegen: \u201eIch will verantwortungsvolle Politik zum Wohle der Menschen in Traunstein machen.\u201c<\/p>\n\n\n\n<p> Klimaschutzplan mit dem Ziel der Klimaneutralit\u00e4t bis 2025, erg\u00e4nzend zum TSL Antrag zum Klimaschutz vom 26.7.2018.<\/p>\n\n\n\n<p> Ausbau und F\u00f6rderung erneuerbarer Energien<\/p>\n\n\n\n<p>Zukunftsorientierte Verkehrspolitik:<\/p>\n\n\n\n<ul class=\"wp-block-list\"><li>massiver Ausbau des Radwegenetzes in und um Traunstein<\/li><li> durchg\u00e4ngiges Radschnellwegenetz an die Stadtr\u00e4nder mit Anbindung an die<\/li><li>Radwege zu Nachbargemeinden (z.B. Wasserburgerstra\u00dfe) .<\/li><li>Schlie\u00dfen der Radwegel\u00fccke zwischen Viadukt und Radweg nach Kammer<\/li><li>Radwege in Max-, Marien- und Bahnhofstra\u00dfe durch zumindest einseitige<\/li><li>Umwandlung von Parkpl\u00e4tzen in Fahrradstreifen<\/li><li>Fu\u00dfg\u00e4ngerzone von Maxplatz bis Stadtplatz mit Fahrradparkpl\u00e4tzen<\/li><li>\u00d6PNV mit festen Taktzeiten entsprechend dem TSL-Modell und verbesserter Anbindung von Au\u00dfenbezirken wie Kammer, Haslach, Wolkersdorf, etc.<\/li><li>F\u00f6rderung der I\u00d6M \u201eindividuellen \u00f6kologischen Mobilit\u00e4t\u201c Bsp.: Carsharing, Leihfahrr\u00e4der, Lastenfahrr\u00e4der.<\/li><li>Umstrukturieren des Parkplatzangebots mit Parkleitsystem<\/li><\/ul>\n\n\n\n<p>\u25e6 Erhalt von Naherholungsgebieten (Haidforst), keine weitere Ausweisung von Gewerbegebieten auf Gr\u00fcn- und Waldfl\u00e4chen.<\/p>\n\n\n\n<p>\u25e6 keine S\u00fcdwestumfahrung Traunsteins<\/p>\n\n\n\n<h2 class=\"wp-block-heading\">Sozial<\/h2>\n\n\n\n<p>Kultur des respektvollen Umgangs miteinander in Politik und Gesellschaft:<\/p>\n\n\n\n<ul class=\"wp-block-list\"><li>an Fakten orientierte, faire politische Auseinandersetzung statt populistisches Schielen auf W\u00e4hlerstimmen<\/li><li>die Verrohung der Sprache entgegenwirken: Gewalt beginnt mit der Verrohung der Sprache.<\/li><li> Absage an jegliche Form von Populismus, Diskriminierung, Ausgrenzung, Hetze, Hass und Fremdenfeindlichkeit<\/li><li> f\u00fcr ein politisch buntes Traunstein<\/li><\/ul>\n\n\n\n<p>Parks statt Parkpl\u00e4tze:<br>Kein oberirdisches Parkdeck auf dem Karl-Theodor-Platz.<br>Nach einer schrittweise Reduzierung des Parkplatzangebots soll sich ein verkehrsberuhigter und begr\u00fcnter Karl-Theodor-Platz in das durch den neu geschaffenen Salinenpark aufgewertete historische Salinenensemble integrieren und f\u00fcr soziale Events genutzt werden k\u00f6nnen.<\/p>\n\n\n\n<p>F\u00f6rderung der Jugend: F\u00f6rderung von Freizeit- und Betreuungsangeboten, Jugendzentrum<\/p>\n\n\n\n<p>F\u00f6rderung des sozialen Wohnungsbaus<\/p>\n\n\n\n<p>Ansiedlungsmodell:<\/p>\n\n\n\n<p>Wohnraum in Traunstein ist knapp.Vor dem Hintergrund der prognostizierten Bev\u00f6lkerungsgewinne, muss weiter ausgewiesen werden. Bevorzugt vor derAusweisung auf der gr\u00fcnen Wiese gilt:<\/p>\n\n\n\n<ul class=\"wp-block-list\"><li>Baul\u00fccken schlie\u00dfen. In der Gesamtstadt existieren aktuell ca. 19 ha Wohnbaufl\u00e4chen in Form von Baul\u00fccken. Mit einem Baul\u00fcckenkataster soll die Verf\u00fcgbarkeit der Grundst\u00fccke am Markt erh\u00f6ht werden.<\/li><li> Eine Qualifizierung des Wohnungsbestandes sowie eine Aufwertung des Wohnumfeldes tragen zu einer St\u00e4rkung des Wohnstandorts Innenstadt bei. Insbesondere die Unterstadt bietet hier Potenziale in Form von Reaktivierungen von Leerst\u00e4nden.<\/li><li>Vor dem Hintergrund des demographischen Wandels kommt auch der Schaffung barrierefreier Wohnungsangebote eine wichtige Bedeutung zu.<\/li><li> Eine bessere Anbindung der Wohngebiete an die Innenstadt tr\u00e4gt durch eine gute barrierefreie Erreichbarkeit der Innenstadt zur Qualit\u00e4t des Wohnstandorts bei,womit Verkehre vermieden und damit eine nachhaltige Entwicklung bef\u00f6rdert werden.<\/li><li> Die Empfehlungen des ISEK Gutachtens sind hier Leitschnur<\/li><li> Bei der Ausweisung neu zu erschlie\u00dfender Baugebiete sind langfristige st\u00e4dtebauliche Ziele (kurze Verkehrswege, demographische Entwicklung) zu definieren und zu ber\u00fccksichtigen.<\/li><li> Moderner Wohnungsbau unter Ber\u00fccksichtigung energetischer und sozialer Aspekte<\/li><\/ul>\n\n\n\n<p>F\u00f6rderung regionaler Wirtschaftskreisl\u00e4ufe:<\/p>\n\n\n\n<ul class=\"wp-block-list\"><li>Chiemgauer als regionales Tauschmittel st\u00e4rken<\/li><li> vor Ort zubereitete Schulverpflegung<\/li><\/ul>\n\n\n\n<h2 class=\"wp-block-heading\">\u00d6konomisch<\/h2>\n\n\n\n<p>Finanzen im Griff behalten<\/p>\n\n\n\n<p>Solide Finanzplanung zu Beginn von Projekten, damit die Kosten nicht aus dem Ruder laufen.<\/p>\n\n\n\n<p>\u00d6konomie ist die dritte, gleichberechtigte S\u00e4ule im Dreiklang \u201e\u00f6konomisch \u00f6kologisch sozial\u201c. Damit die Stadt auch weiterhin mit den Einnahmen aus der Gewerbesteuer ihre freiwilligen Leistungen auf hohem Niveau finanzieren kann, m\u00fcssen<\/p>\n\n\n\n<ul class=\"wp-block-list\"><li>Einnahmen und Ausgaben im Gleichgewicht gehalten werden,<\/li><li>und Schulden abgebaut werden,<\/li><li>auf \u00fcberteuerte Prestigeprojekte verzichtet werden.<\/li><\/ul>\n\n\n\n<p>\u00d6konomie ist dabei kein Selbstzweck sonder das \u201eWerkzeug\u201c, die gesetzten Ziele zu erreichen. Bei Investitionen m\u00fcssen daher neben finanziellen Ein- und Ausgaben auch die \u00f6kologischen und sozialen Errungenschaften bilanziert werden.<\/p>\n","protected":false},"excerpt":{"rendered":"<p>Als Kandidat f\u00fcr den Stadtrat \u00d6kologisch Die Eind\u00e4mmung des Klimawandels ist derzeit Aufgabe h\u00f6chster Priorit\u00e4t Umsetzen aller F4F Forderungen, die im April 2019 an die Stadt \u00fcbergeben wurden.<\/p>\n","protected":false},"author":2,"featured_media":0,"comment_status":"closed","ping_status":"open","sticky":false,"template":"","format":"standard","meta":{"footnotes":""},"categories":[8],"tags":[],"class_list":["post-348","post","type-post","status-publish","format-standard","hentry","category-kommunalwahl-2020"],"_links":{"self":[{"href":"https:\/\/traunsteiner-liste.de\/index.php?rest_route=\/wp\/v2\/posts\/348","targetHints":{"allow":["GET"]}}],"collection":[{"href":"https:\/\/traunsteiner-liste.de\/index.php?rest_route=\/wp\/v2\/posts"}],"about":[{"href":"https:\/\/traunsteiner-liste.de\/index.php?rest_route=\/wp\/v2\/types\/post"}],"author":[{"embeddable":true,"href":"https:\/\/traunsteiner-liste.de\/index.php?rest_route=\/wp\/v2\/users\/2"}],"replies":[{"embeddable":true,"href":"https:\/\/traunsteiner-liste.de\/index.php?rest_route=%2Fwp%2Fv2%2Fcomments&post=348"}],"version-history":[{"count":5,"href":"https:\/\/traunsteiner-liste.de\/index.php?rest_route=\/wp\/v2\/posts\/348\/revisions"}],"predecessor-version":[{"id":369,"href":"https:\/\/traunsteiner-liste.de\/index.php?rest_route=\/wp\/v2\/posts\/348\/revisions\/369"}],"wp:attachment":[{"href":"https:\/\/traunsteiner-liste.de\/index.php?rest_route=%2Fwp%2Fv2%2Fmedia&parent=348"}],"wp:term":[{"taxonomy":"category","embeddable":true,"href":"https:\/\/traunsteiner-liste.de\/index.php?rest_route=%2Fwp%2Fv2%2Fcategories&post=348"},{"taxonomy":"post_tag","embeddable":true,"href":"https:\/\/traunsteiner-liste.de\/index.php?rest_route=%2Fwp%2Fv2%2Ftags&post=348"}],"curies":[{"name":"wp","href":"https:\/\/api.w.org\/{rel}","templated":true}]}}