{"id":355,"date":"2019-12-12T22:05:20","date_gmt":"2019-12-12T21:05:20","guid":{"rendered":"http:\/\/traunsteiner-liste.de\/?p=355"},"modified":"2019-12-12T22:05:20","modified_gmt":"2019-12-12T21:05:20","slug":"ankuendigung-vortraege-zu-oekologischen-mobilitaet","status":"publish","type":"post","link":"https:\/\/traunsteiner-liste.de\/?p=355","title":{"rendered":"Ank\u00fcndigung: Vortr\u00e4ge zu \u00f6kologischen Mobilit\u00e4t"},"content":{"rendered":"\n<figure class=\"wp-block-image size-large\"><img loading=\"lazy\" decoding=\"async\" width=\"724\" height=\"1024\" src=\"http:\/\/traunsteiner-liste.de\/wordpress\/wp-content\/uploads\/2019\/01\/Vortrag-individuelle-Mobilit\u00e4t-724x1024.png\" alt=\"\" class=\"wp-image-315\" srcset=\"https:\/\/traunsteiner-liste.de\/wordpress\/wp-content\/uploads\/2019\/01\/Vortrag-individuelle-Mobilit\u00e4t-724x1024.png 724w, https:\/\/traunsteiner-liste.de\/wordpress\/wp-content\/uploads\/2019\/01\/Vortrag-individuelle-Mobilit\u00e4t-212x300.png 212w, https:\/\/traunsteiner-liste.de\/wordpress\/wp-content\/uploads\/2019\/01\/Vortrag-individuelle-Mobilit\u00e4t-768x1086.png 768w, https:\/\/traunsteiner-liste.de\/wordpress\/wp-content\/uploads\/2019\/01\/Vortrag-individuelle-Mobilit\u00e4t-1086x1536.png 1086w, https:\/\/traunsteiner-liste.de\/wordpress\/wp-content\/uploads\/2019\/01\/Vortrag-individuelle-Mobilit\u00e4t-900x1273.png 900w, https:\/\/traunsteiner-liste.de\/wordpress\/wp-content\/uploads\/2019\/01\/Vortrag-individuelle-Mobilit\u00e4t-1280x1810.png 1280w, https:\/\/traunsteiner-liste.de\/wordpress\/wp-content\/uploads\/2019\/01\/Vortrag-individuelle-Mobilit\u00e4t.png 1284w\" sizes=\"auto, (max-width: 724px) 100vw, 724px\" \/><\/figure>\n","protected":false},"excerpt":{"rendered":"","protected":false},"author":2,"featured_media":0,"comment_status":"closed","ping_status":"open","sticky":false,"template":"","format":"standard","meta":{"footnotes":""},"categories":[6],"tags":[],"class_list":["post-355","post","type-post","status-publish","format-standard","hentry","category-verkehrswende"],"_links":{"self":[{"href":"https:\/\/traunsteiner-liste.de\/index.php?rest_route=\/wp\/v2\/posts\/355","targetHints":{"allow":["GET"]}}],"collection":[{"href":"https:\/\/traunsteiner-liste.de\/index.php?rest_route=\/wp\/v2\/posts"}],"about":[{"href":"https:\/\/traunsteiner-liste.de\/index.php?rest_route=\/wp\/v2\/types\/post"}],"author":[{"embeddable":true,"href":"https:\/\/traunsteiner-liste.de\/index.php?rest_route=\/wp\/v2\/users\/2"}],"replies":[{"embeddable":true,"href":"https:\/\/traunsteiner-liste.de\/index.php?rest_route=%2Fwp%2Fv2%2Fcomments&post=355"}],"version-history":[{"count":1,"href":"https:\/\/traunsteiner-liste.de\/index.php?rest_route=\/wp\/v2\/posts\/355\/revisions"}],"predecessor-version":[{"id":356,"href":"https:\/\/traunsteiner-liste.de\/index.php?rest_route=\/wp\/v2\/posts\/355\/revisions\/356"}],"wp:attachment":[{"href":"https:\/\/traunsteiner-liste.de\/index.php?rest_route=%2Fwp%2Fv2%2Fmedia&parent=355"}],"wp:term":[{"taxonomy":"category","embeddable":true,"href":"https:\/\/traunsteiner-liste.de\/index.php?rest_route=%2Fwp%2Fv2%2Fcategories&post=355"},{"taxonomy":"post_tag","embeddable":true,"href":"https:\/\/traunsteiner-liste.de\/index.php?rest_route=%2Fwp%2Fv2%2Ftags&post=355"}],"curies":[{"name":"wp","href":"https:\/\/api.w.org\/{rel}","templated":true}]}}