{"id":387,"date":"2020-01-08T20:51:49","date_gmt":"2020-01-08T19:51:49","guid":{"rendered":"http:\/\/traunsteiner-liste.de\/?p=387"},"modified":"2026-01-09T09:16:25","modified_gmt":"2026-01-09T08:16:25","slug":"unsere-ziele","status":"publish","type":"post","link":"https:\/\/traunsteiner-liste.de\/?p=387","title":{"rendered":"Unsere Ziele"},"content":{"rendered":"\n<p><strong>Traunstein soll eine nachhaltige, zukunftsf\u00e4hige und klimaneutrale Stadt werden. Entscheidungen des Stadtrats&nbsp; werden in Zukunft auf  Nachhaltigkeit und Klimavertr\u00e4glichkeit gepr\u00fcft.<\/strong><\/p>\n\n\n\n<h2 class=\"wp-block-heading\">\u00d6PNV<\/h2>\n\n\n\n<ul class=\"wp-block-list\">\n<li>Ein Bussystem\u00a0 im Halbstundentakt, mit einfachem Preissystem, attraktiv f\u00fcr alle Altersgruppen.<\/li>\n\n\n\n<li>Rufbus zur Anbindung von Au\u00dfenbezirken. \u00a0<\/li>\n<\/ul>\n\n\n\n<h2 class=\"wp-block-heading\">Radverkehr<\/h2>\n\n\n\n<ul class=\"wp-block-list\">\n<li>Z\u00fcgige Weiterentwicklung des Radverkehrskonzepts anhand von Routen mit klarem Verbesserungspotenzial<\/li>\n\n\n\n<li>Einbahnstra\u00dfen, wo m\u00f6glich, in der Gegenrichtung f\u00fcr Radfahrer befahrbar\u00a0machen.<\/li>\n\n\n\n<li>Beseitigung von Gefahrenstellung und Behinderungen<\/li>\n<\/ul>\n\n\n\n<h2 class=\"wp-block-heading\">Lebenswerte Innenstadt<\/h2>\n\n\n\n<ul class=\"wp-block-list\">\n<li>Fu\u00dfg\u00e4ngerzone am Stadtplatz<\/li>\n\n\n\n<li>Parkleitsystem an den Ortseing\u00e4ngen, um Parksuchverkehr deutlich einzuschr\u00e4nken<\/li>\n\n\n\n<li>Kostenfreies Parken am Festplatz mit Busverbindung zur Innenstadt<\/li>\n\n\n\n<li>Neuregelung des Parkens f\u00fcr Anwohner im innerst\u00e4dtischen Bereich<\/li>\n<\/ul>\n\n\n\n<h2 class=\"wp-block-heading\">Wohnungsbau<\/h2>\n\n\n\n<ul class=\"wp-block-list\">\n<li>Kompakte Bauweise im Wohnbau statt neuer Einfamilienh\u00e4user<\/li>\n\n\n\n<li>Bebauungen zur\u00a0 Ortsabrundung oder auf innerst\u00e4dtischen, ungenutzten Fl\u00e4chen.<\/li>\n\n\n\n<li>Bei Neubauten Umsetzung regenerativer Energiekonzepte und verdichtete Bauweise.\u00a0 \u00a0 \u00a0 \u00a0 \u00a0 \u00a0 \u00a0 \u00a0 \u00a0 \u00a0 \u00a0 \u00a0 \u00a0 \u00a0(<a href=\"https:\/\/traunsteiner-liste.de\/?p=297\">siehe Traunsteiner F\u00f6rderprogramm auf unserer Homepage!<\/a>)<\/li>\n\n\n\n<li>Mehr sozialer Wohnungsbau, auch in Neubaugebieten.<\/li>\n\n\n\n<li>Umbau statt Neubau<\/li>\n\n\n\n<li>Alternative Wohnkonzepte: Mehrgenerationen-Wohnen, Wohnen f\u00fcr Hilfe, Wohnungstauschb\u00f6rse, Wohnanlagen mit Gemeinschaftsbereichen<\/li>\n<\/ul>\n\n\n\n<h2 class=\"wp-block-heading\">Fl\u00e4chen sparen<\/h2>\n\n\n\n<ul class=\"wp-block-list\">\n<li>Keine Ausweisung von gro\u00dffl\u00e4chigen Gewerbe\u2013 und Neubaugebieten auf der gr\u00fcnen Wiese und im Wald, stattdessen Ortsabrundungen und Nachverdichtung<\/li>\n\n\n\n<li>Erhalt der Naherholungsgebiete, z.B. Haidforst.<\/li>\n\n\n\n<li>Keine Erweiterung des Gewerbegebiets Nord im geplanten Umfang.<\/li>\n<\/ul>\n\n\n\n<h2 class=\"wp-block-heading\">Energieversorgung<\/h2>\n\n\n\n<ul class=\"wp-block-list\">\n<li>100 % erneuerbare Energieversorgung , soweit wie m\u00f6glich regional erzeugt.<\/li>\n\n\n\n<li>Bau von Windr\u00e4dern in gepr\u00fcften Vorranggebieten<\/li>\n\n\n\n<li>Einsparm\u00f6glichkeiten so gut wie m\u00f6glich nutzen.<\/li>\n\n\n\n<li>Umr\u00fcstung st\u00e4dtischer Liegenschaften auf regenerative Energieversorgung (Umsetzung des 2020 beschlossenen 10-D\u00e4cher-Programms)<\/li>\n<\/ul>\n\n\n\n<h2 class=\"wp-block-heading\">St\u00e4dtische Finanzen<\/h2>\n\n\n\n<ul class=\"wp-block-list\">\n<li>Neuinvestitionen mit gesicherter Finanzierung, z.B. im Bereich \u00d6kologie oder im sozialen Wohnungsbau sind sinnvoll<\/li>\n\n\n\n<li>Keine teuren Prestigebauten, vorhandene Ressourcen besser nutzen<\/li>\n\n\n\n<li>Neuverschuldung vermeiden<\/li>\n<\/ul>\n\n\n\n<h2 class=\"wp-block-heading\">Jugendzentrum<\/h2>\n\n\n\n<ul class=\"wp-block-list\">\n<li>Ein gr\u00f6\u00dferes Jugendzentrum mit Freifl\u00e4chen in geeigneten R\u00e4umlichkeiten.\u00a0<\/li>\n\n\n\n<li>Ausweitung der \u00d6ffnungszeiten (auch am Wochenende)<\/li>\n<\/ul>\n\n\n\n<h2 class=\"wp-block-heading\">Landwirtschaft<\/h2>\n\n\n\n<ul class=\"wp-block-list\">\n<li>Verpachtete Fl\u00e4chen der Stadt in Zukunft m\u00f6glichst \u00f6kologisch bewirtschaften.<\/li>\n\n\n\n<li>St\u00e4dtische Einrichtungen bevorzugt mit regional-\u00f6kologischen Lebensmitteln versorgen.<\/li>\n<\/ul>\n\n\n\n<h2 class=\"wp-block-heading\">Regionalit\u00e4t<\/h2>\n\n\n\n<ul class=\"wp-block-list\">\n<li>Einkauf und Auftragsvergabe mit Fokus auf heimische Betriebe.<\/li>\n\n\n\n<li>Unterst\u00fctzung der erfolgreichen Regionalw\u00e4hrung &#8222;Chiemgauer&#8220;<\/li>\n<\/ul>\n\n\n\n<h2 class=\"wp-block-heading\"> Feste und Feiern<\/h2>\n\n\n\n<ul class=\"wp-block-list\">\n<li>Erh\u00f6hung der Aufenthaltsqualit\u00e4t in der Innenstadt, z.B. durch Auftritte von Musikgruppen\u00a0 aller Stilrichtungen an den Samstagen\u00a0 &#8211; an wechselnden Pl\u00e4tzen zwischen Bahnhof und Stadtplatz \u2013 <\/li>\n<\/ul>\n\n\n\n<h2 class=\"wp-block-heading\">Transparenz<\/h2>\n\n\n\n<ul class=\"wp-block-list\">\n<li>fr\u00fchere Einbindung der B\u00fcrger:innen in \u00f6ffentlichen Debatten<\/li>\n<\/ul>\n\n\n\n<blockquote class=\"wp-block-quote is-layout-flow wp-block-quote-is-layout-flow\">\n<p><strong>\u00dcberparteilichkeit, orientiert an den Sachthemen, ist unser Grundsatz!<\/strong><br><\/p>\n<\/blockquote>\n","protected":false},"excerpt":{"rendered":"<p>Traunstein soll eine nachhaltige, zukunftsf\u00e4hige und klimaneutrale Stadt werden. Entscheidungen des Stadtrats&nbsp; werden in Zukunft auf Nachhaltigkeit und Klimavertr\u00e4glichkeit gepr\u00fcft. \u00d6PNV Radverkehr Lebenswerte Innenstadt Wohnungsbau Fl\u00e4chen sparen Energieversorgung St\u00e4dtische Finanzen [&hellip;]<\/p>\n","protected":false},"author":2,"featured_media":0,"comment_status":"closed","ping_status":"open","sticky":false,"template":"","format":"standard","meta":{"footnotes":""},"categories":[8],"tags":[],"class_list":["post-387","post","type-post","status-publish","format-standard","hentry","category-kommunalwahl-2020"],"_links":{"self":[{"href":"https:\/\/traunsteiner-liste.de\/index.php?rest_route=\/wp\/v2\/posts\/387","targetHints":{"allow":["GET"]}}],"collection":[{"href":"https:\/\/traunsteiner-liste.de\/index.php?rest_route=\/wp\/v2\/posts"}],"about":[{"href":"https:\/\/traunsteiner-liste.de\/index.php?rest_route=\/wp\/v2\/types\/post"}],"author":[{"embeddable":true,"href":"https:\/\/traunsteiner-liste.de\/index.php?rest_route=\/wp\/v2\/users\/2"}],"replies":[{"embeddable":true,"href":"https:\/\/traunsteiner-liste.de\/index.php?rest_route=%2Fwp%2Fv2%2Fcomments&post=387"}],"version-history":[{"count":13,"href":"https:\/\/traunsteiner-liste.de\/index.php?rest_route=\/wp\/v2\/posts\/387\/revisions"}],"predecessor-version":[{"id":838,"href":"https:\/\/traunsteiner-liste.de\/index.php?rest_route=\/wp\/v2\/posts\/387\/revisions\/838"}],"wp:attachment":[{"href":"https:\/\/traunsteiner-liste.de\/index.php?rest_route=%2Fwp%2Fv2%2Fmedia&parent=387"}],"wp:term":[{"taxonomy":"category","embeddable":true,"href":"https:\/\/traunsteiner-liste.de\/index.php?rest_route=%2Fwp%2Fv2%2Fcategories&post=387"},{"taxonomy":"post_tag","embeddable":true,"href":"https:\/\/traunsteiner-liste.de\/index.php?rest_route=%2Fwp%2Fv2%2Ftags&post=387"}],"curies":[{"name":"wp","href":"https:\/\/api.w.org\/{rel}","templated":true}]}}