{"id":475,"date":"2020-06-12T08:21:08","date_gmt":"2020-06-12T06:21:08","guid":{"rendered":"http:\/\/traunsteiner-liste.de\/?p=475"},"modified":"2020-06-12T08:21:08","modified_gmt":"2020-06-12T06:21:08","slug":"neuerungen-der-stadtratsperiode-2020-26","status":"publish","type":"post","link":"https:\/\/traunsteiner-liste.de\/?p=475","title":{"rendered":"Neuerungen der Stadtratsperiode 2020 &#8211; 26"},"content":{"rendered":"\n<p>Mit dem 1. Mai hat die neue Stadtratsperiode begonnen.&nbsp; Oberb\u00fcrgermeister Dr. H\u00fcmmer hat die Aussch\u00fcsse neu strukturiert. Es gibt jetzt 6 Aussch\u00fcsse, die Traunsteiner Liste hat in jedem Ausschuss einen Platz. Dar\u00fcber sind wir sehr froh, weil wir Entscheidungen in den Aussch\u00fcssen mitberaten und dadurch auch Einfluss nehmen k\u00f6nnen auf Entscheidungen.&nbsp;<\/p>\n\n\n\n<p><strong>Diese Aussch\u00fcsse gibt es:<\/strong><\/p>\n\n\n\n<ul class=\"wp-block-list\"><li>\u00a0Ausschuss f\u00fcr Familie, Bildung und Soziales<\/li><li>Ausschuss f\u00fcr Finanzen und Beteiligungen<\/li><li>Ausschuss f\u00fcr Kultur und Sport<\/li><li>Ausschuss f\u00fcr Mobilit\u00e4t, Umwelt und Nachhaltigkeit<\/li><li>Ausschuss f\u00fcr Planung, Bau und Digitalisierung<\/li><li>Ferienausschuss<\/li><\/ul>\n\n\n\n<p>Ebenso haben sich die<strong> Sitzungszeiten<\/strong> ver\u00e4ndert: Die Aussch\u00fcsse beginnen nun um 16.30 Uhr bzw 17.30 Uhr ,&nbsp; die Stadtratssitzung&nbsp; immer um 16.30 Uhr.&nbsp;<\/p>\n\n\n\n<p>Momentan finden die Ausschuss-Sitzungen im Gro\u00dfen Saal statt, die Stadtratssitzungen in der Klosterkirche. Sie sind \u00f6ffentlich, Besucher k\u00f6nnen gerne kommen, die Pl\u00e4tze sind allerdings begrenzt.<\/p>\n\n\n\n<p>Auch die <strong>Referate <\/strong>wurden neu besetzt und zum Teil neu zugeschnitten. F\u00fcr das Referat \u201eSchule\u201c wurde ich als Referentin ernannt.<\/p>\n\n\n\n<p>Ebenso wurden Fachbereiche der Stadtverwaltung neu- bzw. umbesetzt. (siehe Traunsteiner Tagblatt vom&nbsp; 30.5.2020), das Organigramm wird demn\u00e4chst auf der Homepage der Stadt Traunstein ver\u00f6ffentlicht.<\/p>\n\n\n\n<p>Simon Steiner&nbsp; und Ulrike Hoernes<\/p>\n","protected":false},"excerpt":{"rendered":"<p>Mit dem 1. Mai hat die neue Stadtratsperiode begonnen.&nbsp; Oberb\u00fcrgermeister Dr. H\u00fcmmer hat die Aussch\u00fcsse neu strukturiert. Es gibt jetzt 6 Aussch\u00fcsse, die Traunsteiner Liste hat in jedem Ausschuss einen [&hellip;]<\/p>\n","protected":false},"author":2,"featured_media":0,"comment_status":"closed","ping_status":"open","sticky":false,"template":"","format":"standard","meta":{"footnotes":""},"categories":[7],"tags":[],"class_list":["post-475","post","type-post","status-publish","format-standard","hentry","category-stadtrat"],"_links":{"self":[{"href":"https:\/\/traunsteiner-liste.de\/index.php?rest_route=\/wp\/v2\/posts\/475","targetHints":{"allow":["GET"]}}],"collection":[{"href":"https:\/\/traunsteiner-liste.de\/index.php?rest_route=\/wp\/v2\/posts"}],"about":[{"href":"https:\/\/traunsteiner-liste.de\/index.php?rest_route=\/wp\/v2\/types\/post"}],"author":[{"embeddable":true,"href":"https:\/\/traunsteiner-liste.de\/index.php?rest_route=\/wp\/v2\/users\/2"}],"replies":[{"embeddable":true,"href":"https:\/\/traunsteiner-liste.de\/index.php?rest_route=%2Fwp%2Fv2%2Fcomments&post=475"}],"version-history":[{"count":1,"href":"https:\/\/traunsteiner-liste.de\/index.php?rest_route=\/wp\/v2\/posts\/475\/revisions"}],"predecessor-version":[{"id":476,"href":"https:\/\/traunsteiner-liste.de\/index.php?rest_route=\/wp\/v2\/posts\/475\/revisions\/476"}],"wp:attachment":[{"href":"https:\/\/traunsteiner-liste.de\/index.php?rest_route=%2Fwp%2Fv2%2Fmedia&parent=475"}],"wp:term":[{"taxonomy":"category","embeddable":true,"href":"https:\/\/traunsteiner-liste.de\/index.php?rest_route=%2Fwp%2Fv2%2Fcategories&post=475"},{"taxonomy":"post_tag","embeddable":true,"href":"https:\/\/traunsteiner-liste.de\/index.php?rest_route=%2Fwp%2Fv2%2Ftags&post=475"}],"curies":[{"name":"wp","href":"https:\/\/api.w.org\/{rel}","templated":true}]}}