{"id":509,"date":"2020-07-01T15:37:00","date_gmt":"2020-07-01T13:37:00","guid":{"rendered":"https:\/\/traunsteiner-liste.de\/?p=509"},"modified":"2021-03-21T15:39:50","modified_gmt":"2021-03-21T14:39:50","slug":"antrag-25-solarstromanlage-auf-dem-rathaussueddach","status":"publish","type":"post","link":"https:\/\/traunsteiner-liste.de\/?p=509","title":{"rendered":"Antrag 25: Solarstromanlage auf dem Rathauss\u00fcddach"},"content":{"rendered":"\n<p>&nbsp;<strong>Die Traunsteiner Liste stellt folgenden Antrag:&nbsp;<\/strong><\/p>\n\n\n\n<p>Die Stadt Traunstein m\u00f6ge bald m\u00f6glichst den Bau einer Solarstromanlage nebst passendem Stromspeicher beschlie\u00dfen und auf dem vollst\u00e4ndig nutzbaren S\u00fcddach des Rathauses realisieren.&nbsp;<\/p>\n\n\n\n<p><strong>Begr\u00fcndung:&nbsp;<\/strong><\/p>\n\n\n\n<p>Wie von fast allen Parteien und Gruppierungen im Wahlkampf betont, ist ihnen der Umweltschutz mit der dazugeh\u00f6renden alternativen Energieversorgung sehr wichtig.&nbsp;<\/p>\n\n\n\n<p>Die dezentrale Nutzung der der Sonnenenergie ist der Schl\u00fcssel zum Gelingen der Energiewende. Der Klimawandel ist nach Einsch\u00e4tzung zahlreicher unabh\u00e4ngiger Wissenschaftler kurz-, mittel- und langfristig die gr\u00f6\u00dfte Bedrohung der Menschheit. Die Coronakrise geht vorbei, die Klimakrise geht erst richtig los! Die stereotype Antwort, dass wir alleine die Welt nicht retten k\u00f6nnen greift nicht, wenn sich gleichzeitig die Anh\u00e4nger dieser These dazu bekennen, dass wir alle etwas tun m\u00fcssten und dann aber wieder nichts tun<em>. <\/em>Also tun wir was!&nbsp;<\/p>\n\n\n\n<p>\u00d6kologischer Strom, von der Sonne selbst erzeugt, zum gr\u00f6\u00dften Teil selbst genutzt, den \u00dcberschuss in das Stromnetz der Stadtwerke eingespeist, bringt mittel- und langfristig \u00f6konomisch wie \u00f6kologisch eine hohe Werthaltigkeit und gro\u00dfe Akzeptanz beim B\u00fcrger.&nbsp;<\/p>\n\n\n\n<p>Die Technik ist zuverl\u00e4ssig. Im Betrieb entsteht kein Abfall, kein L\u00e4rm, keine Schadstoffemissionen und der Energieverbrauch im Herstellungsprozess ist nach einer Laufzeit von 1-2 Jahren ausgeglichen. Die Haltbarkeit der Anlage ist h\u00f6chstwahrscheinlich 30 Jahre und l\u00e4nger. Alle Komponenten k\u00f6nnen nach Jahrzehnten recycelt werden.&nbsp;<\/p>\n\n\n\n<p>Es soll eine sog. Eigenstromanlage errichtet werden mit m\u00f6glichst hohem Eigenverbrauchsanteil (60-70 %), dazu soll ein passender Stromspeicher installiert werden. Die Stadt reduziert damit ihre Stromkosten deutlich und der Haushalt profitiert nachhaltig von dieser Investition.&nbsp;<\/p>\n\n\n\n<p>Die n\u00f6tigen Vorermittlungen f\u00fcr die Solarstromanlage (bauliche Ermittlungen, F\u00f6rdergelder, Angebotseinholung usw.) k\u00f6nnen aus unserer Sicht vom Fachbereich 3 unter Leitung von Herrn Hechfellner \u00fcbernommen werden.&nbsp;<\/p>\n\n\n\n<p>Die Zeit ist reif f\u00fcr eine Solarstromanlage auf dem Traunsteiner Rathaus!&nbsp;<\/p>\n\n\n\n<p>Simon Steiner,&nbsp;<\/p>\n\n\n\n<p>Fraktionsvorsitzender der Traunsteiner Liste&nbsp;<\/p>\n","protected":false},"excerpt":{"rendered":"<p>&nbsp;Die Traunsteiner Liste stellt folgenden Antrag:&nbsp; Die Stadt Traunstein m\u00f6ge bald m\u00f6glichst den Bau einer Solarstromanlage nebst passendem Stromspeicher beschlie\u00dfen und auf dem vollst\u00e4ndig nutzbaren S\u00fcddach des Rathauses realisieren.&nbsp; Begr\u00fcndung:&nbsp; [&hellip;]<\/p>\n","protected":false},"author":2,"featured_media":0,"comment_status":"closed","ping_status":"open","sticky":false,"template":"","format":"standard","meta":{"footnotes":""},"categories":[5,7,4],"tags":[],"class_list":["post-509","post","type-post","status-publish","format-standard","hentry","category-klimaschutz","category-stadtrat","category-stadtratsantrag"],"_links":{"self":[{"href":"https:\/\/traunsteiner-liste.de\/index.php?rest_route=\/wp\/v2\/posts\/509","targetHints":{"allow":["GET"]}}],"collection":[{"href":"https:\/\/traunsteiner-liste.de\/index.php?rest_route=\/wp\/v2\/posts"}],"about":[{"href":"https:\/\/traunsteiner-liste.de\/index.php?rest_route=\/wp\/v2\/types\/post"}],"author":[{"embeddable":true,"href":"https:\/\/traunsteiner-liste.de\/index.php?rest_route=\/wp\/v2\/users\/2"}],"replies":[{"embeddable":true,"href":"https:\/\/traunsteiner-liste.de\/index.php?rest_route=%2Fwp%2Fv2%2Fcomments&post=509"}],"version-history":[{"count":1,"href":"https:\/\/traunsteiner-liste.de\/index.php?rest_route=\/wp\/v2\/posts\/509\/revisions"}],"predecessor-version":[{"id":510,"href":"https:\/\/traunsteiner-liste.de\/index.php?rest_route=\/wp\/v2\/posts\/509\/revisions\/510"}],"wp:attachment":[{"href":"https:\/\/traunsteiner-liste.de\/index.php?rest_route=%2Fwp%2Fv2%2Fmedia&parent=509"}],"wp:term":[{"taxonomy":"category","embeddable":true,"href":"https:\/\/traunsteiner-liste.de\/index.php?rest_route=%2Fwp%2Fv2%2Fcategories&post=509"},{"taxonomy":"post_tag","embeddable":true,"href":"https:\/\/traunsteiner-liste.de\/index.php?rest_route=%2Fwp%2Fv2%2Ftags&post=509"}],"curies":[{"name":"wp","href":"https:\/\/api.w.org\/{rel}","templated":true}]}}