{"id":55,"date":"2018-10-06T19:36:13","date_gmt":"2018-10-06T19:36:13","guid":{"rendered":"http:\/\/traunsteiner-liste.de\/wordpress\/?p=55"},"modified":"2019-01-06T19:41:28","modified_gmt":"2019-01-06T19:41:28","slug":"hass-ist-krass-liebe-ist-krasser","status":"publish","type":"post","link":"https:\/\/traunsteiner-liste.de\/?p=55","title":{"rendered":"Hass ist krass  &#8211; Liebe ist krasser"},"content":{"rendered":"\n<p><strong>Worum geht es am 14. Oktober?<\/strong><br>Wir w\u00e4hlen den neuen Bayerischen Landtag. Wir w\u00e4hlen die Politiker, die in den n\u00e4chsten 5 Jahren den Freistaat Bayern gestalten und die \u00fcber den Bundesrat auch erheblichen Einfluss auf die Bundespolitik haben. Aber es ist auch ein Signal f\u00fcr Deutschland, welche Bedeutung die rechtspopulistischen und nationalistischen Kr\u00e4fte erhalten.&nbsp;<\/p>\n\n\n\n<figure class=\"wp-block-image\"><img loading=\"lazy\" decoding=\"async\" width=\"1012\" height=\"706\" src=\"https:\/\/traunsteiner-liste.de\/wordpress\/wp-content\/uploads\/2019\/01\/ek2018a.jpg\" alt=\"\" class=\"wp-image-56\" srcset=\"https:\/\/traunsteiner-liste.de\/wordpress\/wp-content\/uploads\/2019\/01\/ek2018a.jpg 1012w, https:\/\/traunsteiner-liste.de\/wordpress\/wp-content\/uploads\/2019\/01\/ek2018a-300x209.jpg 300w, https:\/\/traunsteiner-liste.de\/wordpress\/wp-content\/uploads\/2019\/01\/ek2018a-768x536.jpg 768w, https:\/\/traunsteiner-liste.de\/wordpress\/wp-content\/uploads\/2019\/01\/ek2018a-900x628.jpg 900w\" sizes=\"auto, (max-width: 1012px) 100vw, 1012px\" \/><\/figure>\n\n\n\n<!--more-->\n\n\n\n<p>Wir leben in einer Zeit dynamischer Entwicklungen in einer globalisierten Welt mit gro\u00dfen Herausforderungen. Energiewende, Klimawandel, Mobilit\u00e4t und Verkehr, welche Art der Landwirtschaft wollen wir, Digitalisierung und Arbeitspl\u00e4tze und nat\u00fcrlich die Fragen im Zusammenhang mit Fl\u00fcchtlingen und Migration. Wir brauchen Politiker, die L\u00f6sungen in diesen Bereichen haben. Das ist nicht einfach und oft sehr kontrovers. Da kann man leidenschaftlich \u00fcber richtige L\u00f6sungen debattieren, aber ohne Angstmache und Hassbotschaften.&nbsp;<\/p>\n\n\n\n<p><strong>Ich habe mir die Programme verschiedener Parteien angeschaut<\/strong><br>und auch das Programm der AfD. Ich m\u00f6chte drei Punkte herausgreifen: Energie, Bildung und Religion.&nbsp;<br><\/p>\n\n\n\n<p><strong>Erneuerbare Energien<\/strong>&nbsp;wie Sonne und Wind werden abgelehnt. Diese gelten als ineffektiv und teuer. Anthropogen verursachten Klimawandel gibt es nicht. Man setzt statt dessen weiter auf Kohle und Atom. Der Hambacher Forst l\u00e4sst gr\u00fc\u00dfen.&nbsp;<\/p>\n\n\n\n<p><strong>Religions- und Glaubensfreiheit<\/strong><br>werden zwar grunds\u00e4tzlich anerkennt, ihre Aus\u00fcbung aber soll erheblich eingeschr\u00e4nkt werden vor allem nat\u00fcrlich, aber nicht nur, gegen\u00fcber dem Islam. Zur Aus\u00fcbung der Religionsfreiheit geh\u00f6rt aber auch der Bau sakraler Geb\u00e4ude und der Religionsunterricht an unseren Schulen. Der islamische Religionsunterricht an bayerischen Schulen soll wieder abgeschafft werden. Gerade das aber ist notwendig, und zwar von an unseren Universit\u00e4ten ausgebildeten islamischen Religionslehrern auf der Basis unseres Grundgesetzes. Nur so k\u00f6nnen wir Parallelgesellschaften verhindern. Das verwundert aber nicht, da die AfD nicht zu unterscheiden vermag zwischen Islam und Islamismus. Vielleicht will sie es auch gar nicht.&nbsp;<br><\/p>\n\n\n\n<figure class=\"wp-block-image\"><img loading=\"lazy\" decoding=\"async\" width=\"1024\" height=\"576\" src=\"https:\/\/traunsteiner-liste.de\/wordpress\/wp-content\/uploads\/2019\/01\/DSC_1822-1024x576.jpg\" alt=\"\" class=\"wp-image-57\" srcset=\"https:\/\/traunsteiner-liste.de\/wordpress\/wp-content\/uploads\/2019\/01\/DSC_1822-1024x576.jpg 1024w, https:\/\/traunsteiner-liste.de\/wordpress\/wp-content\/uploads\/2019\/01\/DSC_1822-300x169.jpg 300w, https:\/\/traunsteiner-liste.de\/wordpress\/wp-content\/uploads\/2019\/01\/DSC_1822-768x432.jpg 768w, https:\/\/traunsteiner-liste.de\/wordpress\/wp-content\/uploads\/2019\/01\/DSC_1822-900x506.jpg 900w, https:\/\/traunsteiner-liste.de\/wordpress\/wp-content\/uploads\/2019\/01\/DSC_1822-1280x720.jpg 1280w\" sizes=\"auto, (max-width: 1024px) 100vw, 1024px\" \/><figcaption><em>Weit \u00fcber 300 Menschen demonstrieren gegen die Stimmungsmache von rechts<br>Die afd Kundgebung ist abgesagt!<\/em><\/figcaption><\/figure>\n\n\n\n<p><strong>Jetzt zu den Personen:<\/strong>&nbsp;Ich wei\u00df nicht, ob alle, die f\u00fcr die AfD antreten oder sie w\u00e4hlen, sich im Klaren sind, was sie da bef\u00f6rdern. Die Rechtspopulisten \u00fcberall in Europa \u00fcben Kritik an den herrschenden Eliten. Viele von ihnen stammen aber selber aus superelit\u00e4ren Familien. Wie Milliard\u00e4r Trump (USA), Schlossbesitzerin Marine Le Pen (Frankreich); Ex-Investment-B\u00e4nker wie Alice Weidel (Deutschland) und Nigel Farage (GB) geh\u00f6ren biografisch und \u00f6konomisch zu den Privilegiertesten.&nbsp;<\/p>\n\n\n\n<p><strong>Machen wir ein kleines Gedankenspiel<\/strong>.&nbsp;<br>Wir besetzen die h\u00f6chsten politischen \u00c4mter mit dem F\u00fchrungspersonal der AfD. Stellen Sie sich vor, Herr Gauland w\u00e4re Bundespr\u00e4sident. Wollen wir das? Da ist mir Herr Steinmeier wesentlich lieber. Herrn H\u00f6cke, der das Mahnmal f\u00fcr den Holocaust in der Mitte Berlins f\u00fcr ein Mahnmal der Schande h\u00e4lt, machen wir zum Bundestagspr\u00e4sidenten. Da ist mir Herr Sch\u00e4uble, der zum Tag der Deutschen Einheit eine hervorragende Rede gehalten hat, deutlich lieber. Schlie\u00dflich machen wir Frau Weidel oder Frau von Storch zur Bundeskanzlerin. Ja, da ist mir Frau Merkel trotz aller Kritik immer noch viel lieber. Vom Bundesverfassungsgericht m\u00f6chte ich gar nicht sprechen. Das kann und will ich mir nicht vorstellen. Schauen wir nach Amerika, was sich dort um die Besetzung der Richter am Supreme Court gerade abspielt.&nbsp;<\/p>\n\n\n\n<figure class=\"wp-block-image\"><img loading=\"lazy\" decoding=\"async\" width=\"1024\" height=\"576\" src=\"https:\/\/traunsteiner-liste.de\/wordpress\/wp-content\/uploads\/2019\/01\/no_border-1024x576.jpg\" alt=\"\" class=\"wp-image-58\" srcset=\"https:\/\/traunsteiner-liste.de\/wordpress\/wp-content\/uploads\/2019\/01\/no_border-1024x576.jpg 1024w, https:\/\/traunsteiner-liste.de\/wordpress\/wp-content\/uploads\/2019\/01\/no_border-300x169.jpg 300w, https:\/\/traunsteiner-liste.de\/wordpress\/wp-content\/uploads\/2019\/01\/no_border-768x432.jpg 768w, https:\/\/traunsteiner-liste.de\/wordpress\/wp-content\/uploads\/2019\/01\/no_border-900x506.jpg 900w, https:\/\/traunsteiner-liste.de\/wordpress\/wp-content\/uploads\/2019\/01\/no_border-1280x720.jpg 1280w\" sizes=\"auto, (max-width: 1024px) 100vw, 1024px\" \/><figcaption><em>Wir wollen ein freies Europa der Humanit\u00e4t und der Solidarit\u00e4t<\/em>&nbsp;<\/figcaption><\/figure>\n\n\n\n<p><strong>Zum Schluss noch ein paar S\u00e4tze zu Europa:<\/strong><br>Ein Europa nach den Vorstellungen von Orban, Kuczynski, Le Pen, Strache, Gauland und Co. Lehnen wir entschieden ab. Eine illiberale Demokratie &#8211; von der diese Herrschaften tr\u00e4umen &#8211; ist keine Demokratie, sondern ein autorit\u00e4rer Staat, in dem wir nicht leben wollen. Das ist nicht der Staat unseres Grundgesetzes und der Europ\u00e4ischen Vertr\u00e4ge. Wir wollen ein freies und humanes Europa, ein Europa, das f\u00fcr die Werte der Humanit\u00e4t, der Liberalit\u00e4t und der Solidarit\u00e4t mit den Schwachen steht, kein Europa der Ausgrenzung und der Nationalisten. Europa muss einstehen f\u00fcr Menschenrechte und Demokratie, f\u00fcr Rechtsstaatlichkeit, Gewaltenteilung, unabh\u00e4ngige Gerichte und freie Medien.&nbsp;<\/p>\n\n\n\n<p><strong>Daher am 14. Oktober keine Stimme f\u00fcr die AfD!<\/strong><\/p>\n\n\n\n<p><em>Ewald Kleyboldt 6.10.2018<\/em><\/p>\n","protected":false},"excerpt":{"rendered":"<p>Worum geht es am 14. Oktober?Wir w\u00e4hlen den neuen Bayerischen Landtag. Wir w\u00e4hlen die Politiker, die in den n\u00e4chsten 5 Jahren den Freistaat Bayern gestalten und die \u00fcber den Bundesrat [&hellip;]<\/p>\n","protected":false},"author":1,"featured_media":0,"comment_status":"open","ping_status":"open","sticky":false,"template":"","format":"standard","meta":{"footnotes":""},"categories":[1],"tags":[],"class_list":["post-55","post","type-post","status-publish","format-standard","hentry","category-uncategorized"],"_links":{"self":[{"href":"https:\/\/traunsteiner-liste.de\/index.php?rest_route=\/wp\/v2\/posts\/55","targetHints":{"allow":["GET"]}}],"collection":[{"href":"https:\/\/traunsteiner-liste.de\/index.php?rest_route=\/wp\/v2\/posts"}],"about":[{"href":"https:\/\/traunsteiner-liste.de\/index.php?rest_route=\/wp\/v2\/types\/post"}],"author":[{"embeddable":true,"href":"https:\/\/traunsteiner-liste.de\/index.php?rest_route=\/wp\/v2\/users\/1"}],"replies":[{"embeddable":true,"href":"https:\/\/traunsteiner-liste.de\/index.php?rest_route=%2Fwp%2Fv2%2Fcomments&post=55"}],"version-history":[{"count":2,"href":"https:\/\/traunsteiner-liste.de\/index.php?rest_route=\/wp\/v2\/posts\/55\/revisions"}],"predecessor-version":[{"id":60,"href":"https:\/\/traunsteiner-liste.de\/index.php?rest_route=\/wp\/v2\/posts\/55\/revisions\/60"}],"wp:attachment":[{"href":"https:\/\/traunsteiner-liste.de\/index.php?rest_route=%2Fwp%2Fv2%2Fmedia&parent=55"}],"wp:term":[{"taxonomy":"category","embeddable":true,"href":"https:\/\/traunsteiner-liste.de\/index.php?rest_route=%2Fwp%2Fv2%2Fcategories&post=55"},{"taxonomy":"post_tag","embeddable":true,"href":"https:\/\/traunsteiner-liste.de\/index.php?rest_route=%2Fwp%2Fv2%2Ftags&post=55"}],"curies":[{"name":"wp","href":"https:\/\/api.w.org\/{rel}","templated":true}]}}