{"id":556,"date":"2022-04-08T17:36:11","date_gmt":"2022-04-08T15:36:11","guid":{"rendered":"https:\/\/traunsteiner-liste.de\/?p=556"},"modified":"2022-05-03T20:18:11","modified_gmt":"2022-05-03T18:18:11","slug":"wir-unterstuetzen-den-klima-schutz-entscheid","status":"publish","type":"post","link":"https:\/\/traunsteiner-liste.de\/?p=556","title":{"rendered":"Wir unterst\u00fctzen den Klima-Schutz-Entscheid"},"content":{"rendered":"\n<p>Die Traunsteiner Liste unterst\u00fctzt die Ziele des <strong>Klima-Schutz-Entscheid<\/strong>. <\/p>\n\n\n\n<p>Die Aktionsgruppe <strong>Klimaaufbruch Traunstein Jetzt <\/strong>hat mit gro\u00dfem Engagement 1800 Unterschriften gesammelt und damit einen B\u00fcrgerentscheid durchgesetzt.<\/p>\n\n\n\n<p>Wir rufen alle Traunsteiner B\u00fcrger auf: Setzen Sie am <strong>29. Mai<\/strong> Ihre Stimme ein f\u00fcr echten Klimaschutz und die Einhaltung des 1,5 Grad-Ziels. <\/p>\n\n\n\n<p>Die Klimakrise und die aktuelle Energiekrise erfordern ein entschlossenes Handeln.<\/p>\n\n\n\n<div class=\"wp-block-media-text alignwide is-stacked-on-mobile\" style=\"grid-template-columns:22% auto\"><figure class=\"wp-block-media-text__media\"><img loading=\"lazy\" decoding=\"async\" width=\"768\" height=\"1024\" src=\"https:\/\/traunsteiner-liste.de\/wordpress\/wp-content\/uploads\/2022\/04\/foto-maerz-2022-768x1024.jpg\" alt=\"\" class=\"wp-image-557 size-full\" srcset=\"https:\/\/traunsteiner-liste.de\/wordpress\/wp-content\/uploads\/2022\/04\/foto-maerz-2022-768x1024.jpg 768w, https:\/\/traunsteiner-liste.de\/wordpress\/wp-content\/uploads\/2022\/04\/foto-maerz-2022-225x300.jpg 225w, https:\/\/traunsteiner-liste.de\/wordpress\/wp-content\/uploads\/2022\/04\/foto-maerz-2022-1152x1536.jpg 1152w, https:\/\/traunsteiner-liste.de\/wordpress\/wp-content\/uploads\/2022\/04\/foto-maerz-2022-1536x2048.jpg 1536w, https:\/\/traunsteiner-liste.de\/wordpress\/wp-content\/uploads\/2022\/04\/foto-maerz-2022-900x1200.jpg 900w, https:\/\/traunsteiner-liste.de\/wordpress\/wp-content\/uploads\/2022\/04\/foto-maerz-2022-1280x1706.jpg 1280w, https:\/\/traunsteiner-liste.de\/wordpress\/wp-content\/uploads\/2022\/04\/foto-maerz-2022.jpg 1774w\" sizes=\"auto, (max-width: 768px) 100vw, 768px\" \/><\/figure><div class=\"wp-block-media-text__content\">\n<blockquote class=\"wp-block-quote is-layout-flow wp-block-quote-is-layout-flow\"><p>F\u00fcr eine lebenswerte Zukunft f\u00fcr unsere Kinder und Enkel<\/p><cite>Ulrike Hoernes<\/cite><\/blockquote>\n<\/div><\/div>\n\n\n\n<div class=\"wp-block-media-text alignwide has-media-on-the-right is-stacked-on-mobile\" style=\"grid-template-columns:auto 22%\"><figure class=\"wp-block-media-text__media\"><img loading=\"lazy\" decoding=\"async\" width=\"681\" height=\"1024\" src=\"http:\/\/traunsteiner-liste.de\/wordpress\/wp-content\/uploads\/2019\/12\/Steiner-2019.jpg\" alt=\"\" class=\"wp-image-370 size-full\" srcset=\"https:\/\/traunsteiner-liste.de\/wordpress\/wp-content\/uploads\/2019\/12\/Steiner-2019.jpg 681w, https:\/\/traunsteiner-liste.de\/wordpress\/wp-content\/uploads\/2019\/12\/Steiner-2019-200x300.jpg 200w\" sizes=\"auto, (max-width: 681px) 100vw, 681px\" \/><\/figure><div class=\"wp-block-media-text__content\">\n<blockquote class=\"wp-block-quote is-layout-flow wp-block-quote-is-layout-flow\"><p>F\u00fcr eine bezahlbare, sichere Energie und Unabh\u00e4ngigkeit<\/p><cite>Simon Steiner<\/cite><\/blockquote>\n<\/div><\/div>\n\n\n\n<p>Weitere Informationen zum Klimaschutzentscheid auf der Homepage von <a href=\"http:\/\/traunstein-klimaneutral-2030.de\">Klimaaufbruch Traunstein Jetzt.<\/a><\/p>\n\n\n\n<figure class=\"wp-block-image size-full is-resized\"><a href=\"http:\/\/traunstein-klimaneutral-2030.de\"><img loading=\"lazy\" decoding=\"async\" src=\"https:\/\/traunsteiner-liste.de\/wordpress\/wp-content\/uploads\/2022\/04\/Bildschirmfoto-2022-04-08-um-17.17.08.png\" alt=\"\" class=\"wp-image-563\" width=\"227\" height=\"225\" srcset=\"https:\/\/traunsteiner-liste.de\/wordpress\/wp-content\/uploads\/2022\/04\/Bildschirmfoto-2022-04-08-um-17.17.08.png 566w, https:\/\/traunsteiner-liste.de\/wordpress\/wp-content\/uploads\/2022\/04\/Bildschirmfoto-2022-04-08-um-17.17.08-300x298.png 300w, https:\/\/traunsteiner-liste.de\/wordpress\/wp-content\/uploads\/2022\/04\/Bildschirmfoto-2022-04-08-um-17.17.08-150x150.png 150w, https:\/\/traunsteiner-liste.de\/wordpress\/wp-content\/uploads\/2022\/04\/Bildschirmfoto-2022-04-08-um-17.17.08-88x88.png 88w\" sizes=\"auto, (max-width: 227px) 100vw, 227px\" \/><\/a><\/figure>\n\n\n\n<p><\/p>\n","protected":false},"excerpt":{"rendered":"<p>Die Traunsteiner Liste unterst\u00fctzt die Ziele des Klima-Schutz-Entscheid. Die Aktionsgruppe Klimaaufbruch Traunstein Jetzt hat mit gro\u00dfem Engagement 1800 Unterschriften gesammelt und damit einen B\u00fcrgerentscheid durchgesetzt. Wir rufen alle Traunsteiner B\u00fcrger [&hellip;]<\/p>\n","protected":false},"author":2,"featured_media":0,"comment_status":"closed","ping_status":"open","sticky":false,"template":"","format":"standard","meta":{"footnotes":""},"categories":[5],"tags":[],"class_list":["post-556","post","type-post","status-publish","format-standard","hentry","category-klimaschutz"],"_links":{"self":[{"href":"https:\/\/traunsteiner-liste.de\/index.php?rest_route=\/wp\/v2\/posts\/556","targetHints":{"allow":["GET"]}}],"collection":[{"href":"https:\/\/traunsteiner-liste.de\/index.php?rest_route=\/wp\/v2\/posts"}],"about":[{"href":"https:\/\/traunsteiner-liste.de\/index.php?rest_route=\/wp\/v2\/types\/post"}],"author":[{"embeddable":true,"href":"https:\/\/traunsteiner-liste.de\/index.php?rest_route=\/wp\/v2\/users\/2"}],"replies":[{"embeddable":true,"href":"https:\/\/traunsteiner-liste.de\/index.php?rest_route=%2Fwp%2Fv2%2Fcomments&post=556"}],"version-history":[{"count":6,"href":"https:\/\/traunsteiner-liste.de\/index.php?rest_route=\/wp\/v2\/posts\/556\/revisions"}],"predecessor-version":[{"id":565,"href":"https:\/\/traunsteiner-liste.de\/index.php?rest_route=\/wp\/v2\/posts\/556\/revisions\/565"}],"wp:attachment":[{"href":"https:\/\/traunsteiner-liste.de\/index.php?rest_route=%2Fwp%2Fv2%2Fmedia&parent=556"}],"wp:term":[{"taxonomy":"category","embeddable":true,"href":"https:\/\/traunsteiner-liste.de\/index.php?rest_route=%2Fwp%2Fv2%2Fcategories&post=556"},{"taxonomy":"post_tag","embeddable":true,"href":"https:\/\/traunsteiner-liste.de\/index.php?rest_route=%2Fwp%2Fv2%2Ftags&post=556"}],"curies":[{"name":"wp","href":"https:\/\/api.w.org\/{rel}","templated":true}]}}