{"id":585,"date":"2022-06-29T18:43:02","date_gmt":"2022-06-29T16:43:02","guid":{"rendered":"https:\/\/traunsteiner-liste.de\/?p=585"},"modified":"2022-06-29T18:43:02","modified_gmt":"2022-06-29T16:43:02","slug":"antrag-26-umsetzung-integriertes-klimaschutzkonzept","status":"publish","type":"post","link":"https:\/\/traunsteiner-liste.de\/?p=585","title":{"rendered":"Antrag 26: Umsetzung integriertes Klimaschutzkonzept"},"content":{"rendered":"\n<p>Am 9.6.22 stellte Simon Steiner folgenden Antrag:<\/p>\n\n\n\n<hr class=\"wp-block-separator has-alpha-channel-opacity\"\/>\n\n\n\n<p>Sehr geehrter Herr Oberb\u00fcrgermeister,<\/p>\n\n\n\n<p>lieber Christian,<\/p>\n\n\n\n<p>anbei ein fraktions\u00fcbergreifender Antrag von SPD\/Die Linke, B\u00dcNDNIS 90\/DIE GR\u00dcNEN, Initiative Traunstein und der Traunsteiner Liste.<\/p>\n\n\n\n<p><strong>&nbsp;&nbsp; &nbsp; &nbsp; &nbsp; &nbsp; &nbsp; &nbsp; &nbsp; &nbsp; &nbsp; &nbsp; &nbsp; &nbsp; &nbsp; &nbsp; &nbsp; &nbsp; &nbsp; &nbsp; &nbsp; &nbsp; &nbsp; &nbsp; &nbsp; &nbsp; &nbsp; &nbsp; &nbsp; &nbsp; &nbsp; Antrag<\/strong><\/p>\n\n\n\n<p>Die Antragsteller beantragen, dass mit der Umsetzung des integrierten Klimaschutzkonzepts der Stadt Traunstein, wie in der \u00f6ffentlichen Sitzung des Stadtrates am 30.09.2021 inhaltlich einstimmig beschlossen, unverz\u00fcglich begonnen wird.<br><\/p>\n\n\n\n<p>&nbsp; &nbsp; &nbsp; &nbsp; &nbsp; &nbsp; &nbsp; &nbsp; &nbsp; &nbsp; &nbsp; &nbsp; &nbsp; &nbsp; &nbsp; &nbsp; &nbsp; &nbsp; &nbsp; &nbsp; &nbsp; &nbsp; &nbsp; &nbsp; &nbsp; &nbsp; &nbsp; &nbsp; &nbsp; <strong>Begr\u00fcndung<\/strong><\/p>\n\n\n\n<p>Am 20.02.2022 wurde bei einem Ratsbegehren dieses Klimaschutzkonzept mit ca. 75% Ja-Stimmen angenommen. Nur das n\u00f6tige Quorum von 20% Ja-Stimmen der Wahlberechtigten wurde im Entscheid nicht erreicht.&nbsp;<\/p>\n\n\n\n<p>Somit f\u00e4llt das Anliegen wieder in die Zust\u00e4ndigkeit des Stadtrates zur\u00fcck. Es ist offensichtlich, dass eine klare Mehrheit der B\u00fcrger das Grundanliegen begr\u00fc\u00dft und von einem einstimmigen Stadtratsbeschluss (30.9.2021) die Umsetzung erwartet.<\/p>\n\n\n\n<p>Wir bitten den Antrag so zeitnah wie m\u00f6glich zu behandeln.<\/p>\n\n\n\n<p>Fraktionsvorsitzender der SPD\/ Die Linke: Peter Forster<\/p>\n\n\n\n<p>Stellvertretende Fraktionsvorsitzende von B\u00fcndnis 90 die Gr\u00fcnen : Helga Mandl<\/p>\n\n\n\n<p>Fraktionsvorsitzender der Initiative Traunstein:&nbsp; Georg Osenst\u00e4tter<\/p>\n\n\n\n<p>Fraktionsvorsitzender der Traunsteiner Liste: Simon Steiner<\/p>\n","protected":false},"excerpt":{"rendered":"<p>Am 9.6.22 stellte Simon Steiner folgenden Antrag: Sehr geehrter Herr Oberb\u00fcrgermeister, lieber Christian, anbei ein fraktions\u00fcbergreifender Antrag von SPD\/Die Linke, B\u00dcNDNIS 90\/DIE GR\u00dcNEN, Initiative Traunstein und der Traunsteiner Liste. &nbsp;&nbsp; [&hellip;]<\/p>\n","protected":false},"author":2,"featured_media":0,"comment_status":"closed","ping_status":"open","sticky":false,"template":"","format":"standard","meta":{"footnotes":""},"categories":[4],"tags":[],"class_list":["post-585","post","type-post","status-publish","format-standard","hentry","category-stadtratsantrag"],"_links":{"self":[{"href":"https:\/\/traunsteiner-liste.de\/index.php?rest_route=\/wp\/v2\/posts\/585","targetHints":{"allow":["GET"]}}],"collection":[{"href":"https:\/\/traunsteiner-liste.de\/index.php?rest_route=\/wp\/v2\/posts"}],"about":[{"href":"https:\/\/traunsteiner-liste.de\/index.php?rest_route=\/wp\/v2\/types\/post"}],"author":[{"embeddable":true,"href":"https:\/\/traunsteiner-liste.de\/index.php?rest_route=\/wp\/v2\/users\/2"}],"replies":[{"embeddable":true,"href":"https:\/\/traunsteiner-liste.de\/index.php?rest_route=%2Fwp%2Fv2%2Fcomments&post=585"}],"version-history":[{"count":1,"href":"https:\/\/traunsteiner-liste.de\/index.php?rest_route=\/wp\/v2\/posts\/585\/revisions"}],"predecessor-version":[{"id":586,"href":"https:\/\/traunsteiner-liste.de\/index.php?rest_route=\/wp\/v2\/posts\/585\/revisions\/586"}],"wp:attachment":[{"href":"https:\/\/traunsteiner-liste.de\/index.php?rest_route=%2Fwp%2Fv2%2Fmedia&parent=585"}],"wp:term":[{"taxonomy":"category","embeddable":true,"href":"https:\/\/traunsteiner-liste.de\/index.php?rest_route=%2Fwp%2Fv2%2Fcategories&post=585"},{"taxonomy":"post_tag","embeddable":true,"href":"https:\/\/traunsteiner-liste.de\/index.php?rest_route=%2Fwp%2Fv2%2Ftags&post=585"}],"curies":[{"name":"wp","href":"https:\/\/api.w.org\/{rel}","templated":true}]}}