{"id":62,"date":"2018-09-30T19:43:09","date_gmt":"2018-09-30T19:43:09","guid":{"rendered":"http:\/\/traunsteiner-liste.de\/wordpress\/?p=62"},"modified":"2019-01-06T19:53:17","modified_gmt":"2019-01-06T19:53:17","slug":"lust-auf-zukunft","status":"publish","type":"post","link":"https:\/\/traunsteiner-liste.de\/?p=62","title":{"rendered":"Lust auf Zukunft"},"content":{"rendered":"\n<h5 class=\"wp-block-heading\">Grimme Preistr\u00e4ger Franz Alt begeisterte mit seinem Vortrag im Sailer Keller<br><\/h5>\n\n\n\n<figure class=\"wp-block-image\"><img loading=\"lazy\" decoding=\"async\" width=\"1024\" height=\"541\" src=\"https:\/\/traunsteiner-liste.de\/wordpress\/wp-content\/uploads\/2019\/01\/F_Alt-1024x541.jpg\" alt=\"\" class=\"wp-image-63\" srcset=\"https:\/\/traunsteiner-liste.de\/wordpress\/wp-content\/uploads\/2019\/01\/F_Alt-1024x541.jpg 1024w, https:\/\/traunsteiner-liste.de\/wordpress\/wp-content\/uploads\/2019\/01\/F_Alt-300x159.jpg 300w, https:\/\/traunsteiner-liste.de\/wordpress\/wp-content\/uploads\/2019\/01\/F_Alt-768x406.jpg 768w, https:\/\/traunsteiner-liste.de\/wordpress\/wp-content\/uploads\/2019\/01\/F_Alt-900x476.jpg 900w, https:\/\/traunsteiner-liste.de\/wordpress\/wp-content\/uploads\/2019\/01\/F_Alt-1280x676.jpg 1280w\" sizes=\"auto, (max-width: 1024px) 100vw, 1024px\" \/><figcaption><em>Dr. Franz Alt beteiligt sich auch mit 80 Jahren noch intensiv an zukunftsorientierten Debatten<\/em>&nbsp;<\/figcaption><\/figure>\n\n\n\n<p>Der bekannte Fernsehjournalist und Buchautor Franz Alt beteiligt sich auch mit 80 Jahren noch intensiv an zukunftsorientierten Debatten und h\u00e4lt vielbeachtete Vortr\u00e4ge.&nbsp;<\/p>\n\n\n\n<p>Die Traunsteiner Liste konnte den ehemaligen Report Baden-Baden Moderator f\u00fcr einen Gastvortrag gewinnen. \u00dcber 200 Besucher kamen zum Vortrag und anschlie\u00dfender Diskussionsrunde in den Sailer Keller. Alt benannte die Problemfelder im Klima- und Umweltschutz eindrucksvoll und erarbeitete vor allem eine positive Vision. \u201eAlle Probleme, die von Menschen geschaffen wurden, sind auch von Menschen l\u00f6sbar\u201c, so sein zentraler Standpunkt. Die Klimaerw\u00e4rmung sei ein weltweites Problem \u2013 dies sollte Grund genug f\u00fcr uns alle sein, mit Hochdruck an der Energiewende zu arbeiten. Es bleiben uns laut Franz Alt zwei Jahrzehnte Zeit, um auf 100% erneuerbare Energien umzusteigen.&nbsp;<\/p>\n\n\n\n<!--more-->\n\n\n\n<p>Die L\u00f6sung stehe am Himmel, sagte er, denn die Sonne versorge uns mit 15.000 mal mehr Energie als wir brauchen, kostenlos, umweltfreundlich und jeden Tag! Die Bewohner der Industriestaaten sollten sich endlich so verhalten, dass auch ihre Kinder und Enkel ein gutes Leben auf dieser Erde haben k\u00f6nnen. Alt betonte, dass nur ein Energiemix aus Sonne, Biomasse, Wind und Wasser einen Umstieg auf erneuerbare Energien erm\u00f6gliche.&nbsp;<br><\/p>\n\n\n\n<figure class=\"wp-block-image\"><img loading=\"lazy\" decoding=\"async\" width=\"1024\" height=\"600\" src=\"https:\/\/traunsteiner-liste.de\/wordpress\/wp-content\/uploads\/2019\/01\/F_Alt_03-1024x600.jpg\" alt=\"\" class=\"wp-image-64\" srcset=\"https:\/\/traunsteiner-liste.de\/wordpress\/wp-content\/uploads\/2019\/01\/F_Alt_03-1024x600.jpg 1024w, https:\/\/traunsteiner-liste.de\/wordpress\/wp-content\/uploads\/2019\/01\/F_Alt_03-300x176.jpg 300w, https:\/\/traunsteiner-liste.de\/wordpress\/wp-content\/uploads\/2019\/01\/F_Alt_03-768x450.jpg 768w, https:\/\/traunsteiner-liste.de\/wordpress\/wp-content\/uploads\/2019\/01\/F_Alt_03-900x528.jpg 900w, https:\/\/traunsteiner-liste.de\/wordpress\/wp-content\/uploads\/2019\/01\/F_Alt_03-1280x750.jpg 1280w\" sizes=\"auto, (max-width: 1024px) 100vw, 1024px\" \/><figcaption><em>Die L\u00f6sung steht am Himmel. Die Sonne versorgt uns mit 15.000 mal mehr Energie als wir brauchen<\/em>&nbsp;<br><\/figcaption><\/figure>\n\n\n\n<p>In der anschlie\u00dfenden Diskussion fragte Georg Beyschlag von Mobilstrom Chiemgau nach m\u00f6glichen Gr\u00fcnden daf\u00fcr, dass es in Traunstein im Bereich Energiewende so ruhig geworden ist. Vor 20 Jahren sei man sehr aktiv gestartet. Franz Alt ermunterte zu Eigeninitiative und dazu, Parteien zu w\u00e4hlen, die sich f\u00fcr diese Themen einsetzen, nur so komme man voran.&nbsp;<\/p>\n\n\n\n<p>Stadtrat Thomas Graf von der Traunsteiner Liste meinte &#8211; \u201eErst beten, dann handeln\u201c &#8211; bringe uns weiter. Der Referent meinte dazu, die Politiker br\u00e4uchten nur die Enzyclica \u201elaudato si\u201c von Papst Franziskus zu lesen, um endlich umwelt- und klimafreundlich zu handeln!&nbsp;<\/p>\n\n\n\n<p>Nach einer Argumentationshilfe zur Umweltfreundlichkeit des in ihrem E-Auto verbrauchten selbsterzeugten Solarstroms erkundigte sich eine Zuh\u00f6rerin. Kompetent kl\u00e4rte Alt \u00fcber den verbreiteten Irrtum auf, eine Solarzelle liefere w\u00e4hrend ihrer Lebensdauer nur eine vergleichbar zu ihrer Herstellung n\u00f6tige Energiemenge. In den letzten Jahren sei die energetische Amortisationszeit von etwa 6 Jahren auf nun unter 1,5 Jahren gesunken.&nbsp;<br><\/p>\n\n\n\n<figure class=\"wp-block-image\"><img loading=\"lazy\" decoding=\"async\" width=\"1024\" height=\"514\" src=\"https:\/\/traunsteiner-liste.de\/wordpress\/wp-content\/uploads\/2019\/01\/F_Alt_02-1024x514.jpg\" alt=\"\" class=\"wp-image-65\" srcset=\"https:\/\/traunsteiner-liste.de\/wordpress\/wp-content\/uploads\/2019\/01\/F_Alt_02-1024x514.jpg 1024w, https:\/\/traunsteiner-liste.de\/wordpress\/wp-content\/uploads\/2019\/01\/F_Alt_02-300x150.jpg 300w, https:\/\/traunsteiner-liste.de\/wordpress\/wp-content\/uploads\/2019\/01\/F_Alt_02-768x385.jpg 768w, https:\/\/traunsteiner-liste.de\/wordpress\/wp-content\/uploads\/2019\/01\/F_Alt_02-900x451.jpg 900w, https:\/\/traunsteiner-liste.de\/wordpress\/wp-content\/uploads\/2019\/01\/F_Alt_02-1280x642.jpg 1280w\" sizes=\"auto, (max-width: 1024px) 100vw, 1024px\" \/><figcaption><em>Argumentationshilfe zur Umweltfreundlichkeit des im E-Auto verbrauchten selbsterzeugten Solarstroms<\/em><br><\/figcaption><\/figure>\n\n\n\n<p>Brigitte Sturm fragte kritisch, ob wir wirklich alles brauchen, was wir heute nutzen. Flugzeuge, Kreuzfahrtschiffe oder einen Zweitwagen. Ob nicht eine andere Einstellung die L\u00f6sung des Problems darstelle? Engagiert wandte sich Alt dagegen, Verzicht zu predigen. Alternativen aufzeigen, mit gutem Beispiel vorangehen, das sei der Weg. Er fahre grunds\u00e4tzlich mit der Bahn und nicht mit dem Auto und sehe darin keinen Verzicht, sondern einen Gewinn an Lebensqualit\u00e4t und auch Sicherheit. Viele Zuschauer nutzten anschlie\u00dfend die Gelegenheit, sich ein Buch signieren zu lassen und weitere Fragen zu stellen.&nbsp;<\/p>\n\n\n\n<p>\u201eUnser Ziel war es\u201c, so Stadtr\u00e4tin Ulrike Hoernes von der Traunsteiner Liste, \u201e einen Referenten zu diesem Thema zu gewinnen, der viele M\u00f6glichkeiten aufzeigt, die jeder Einzelne hat, um klimafreundlicher zu leben. Herr Alt hat es mit seiner motivierenden Art, seinen positiven Beispielen geschafft, uns alle zur Eigeninitiative zu ermutigen.\u201c&nbsp;<\/p>\n\n\n\n<p>Dr. Ralph Joerger, der die Diskussion moderierte, schloss die Veranstaltung mit der Feststellung an Herrn Alt gerichtet: \u201eIn der Regel ist es so, dass da wo Sie vorgetragen haben, hinterher etwas Interessantes passiert und die Energiewende ein St\u00fcck weiter vorankommt. Ich bin zuversichtlich, dass dies in Traunstein ebenfalls so sein wird.\u201c<\/p>\n","protected":false},"excerpt":{"rendered":"<p>Grimme Preistr\u00e4ger Franz Alt begeisterte mit seinem Vortrag im Sailer Keller Der bekannte Fernsehjournalist und Buchautor Franz Alt beteiligt sich auch mit 80 Jahren noch intensiv an zukunftsorientierten Debatten und [&hellip;]<\/p>\n","protected":false},"author":2,"featured_media":0,"comment_status":"open","ping_status":"open","sticky":false,"template":"","format":"standard","meta":{"footnotes":""},"categories":[5],"tags":[],"class_list":["post-62","post","type-post","status-publish","format-standard","hentry","category-klimaschutz"],"_links":{"self":[{"href":"https:\/\/traunsteiner-liste.de\/index.php?rest_route=\/wp\/v2\/posts\/62","targetHints":{"allow":["GET"]}}],"collection":[{"href":"https:\/\/traunsteiner-liste.de\/index.php?rest_route=\/wp\/v2\/posts"}],"about":[{"href":"https:\/\/traunsteiner-liste.de\/index.php?rest_route=\/wp\/v2\/types\/post"}],"author":[{"embeddable":true,"href":"https:\/\/traunsteiner-liste.de\/index.php?rest_route=\/wp\/v2\/users\/2"}],"replies":[{"embeddable":true,"href":"https:\/\/traunsteiner-liste.de\/index.php?rest_route=%2Fwp%2Fv2%2Fcomments&post=62"}],"version-history":[{"count":2,"href":"https:\/\/traunsteiner-liste.de\/index.php?rest_route=\/wp\/v2\/posts\/62\/revisions"}],"predecessor-version":[{"id":67,"href":"https:\/\/traunsteiner-liste.de\/index.php?rest_route=\/wp\/v2\/posts\/62\/revisions\/67"}],"wp:attachment":[{"href":"https:\/\/traunsteiner-liste.de\/index.php?rest_route=%2Fwp%2Fv2%2Fmedia&parent=62"}],"wp:term":[{"taxonomy":"category","embeddable":true,"href":"https:\/\/traunsteiner-liste.de\/index.php?rest_route=%2Fwp%2Fv2%2Fcategories&post=62"},{"taxonomy":"post_tag","embeddable":true,"href":"https:\/\/traunsteiner-liste.de\/index.php?rest_route=%2Fwp%2Fv2%2Ftags&post=62"}],"curies":[{"name":"wp","href":"https:\/\/api.w.org\/{rel}","templated":true}]}}