{"id":68,"date":"2018-04-10T19:47:31","date_gmt":"2018-04-10T19:47:31","guid":{"rendered":"http:\/\/traunsteiner-liste.de\/wordpress\/?p=68"},"modified":"2019-01-25T22:20:15","modified_gmt":"2019-01-25T21:20:15","slug":"antrag-10-4-2018-der-fraktionen-der-traunsteiner-liste","status":"publish","type":"post","link":"https:\/\/traunsteiner-liste.de\/?p=68","title":{"rendered":"Antrag 21 : Klimaschutz"},"content":{"rendered":"\n<p><em>Der Antrag wurde vom Stadtrat in der Sitzung&nbsp;<br>vom 26.7.2018 einstimmig angenommen.<\/em><br><\/p>\n\n\n\n<p><strong>Klimaschutz<\/strong><br><strong>Antrag<\/strong><br>Die Stadtratsfraktion \u201eTraunsteiner Liste\u201c stellt folgenden Antrag:&nbsp;<\/p>\n\n\n\n<p>Die Stadt Traunstein m\u00f6ge sich ein konkretes Ziel f\u00fcr die Umsetzung der Energiewende im Stadtbereich setzen.&nbsp;<br>Um ihren Beitrag zur Erf\u00fcllung des Pariser Klimaschutzabkommens zu leisten, soll die Stadt beschlie\u00dfen,&nbsp;<br>bis wann die Energieversorgung im gesamten Stadtbereich vollst\u00e4ndig auf Erneuerbare Energien umgestellt werden soll.&nbsp;<br>Der Arbeitskreis Energie und Klimaschutz m\u00f6ge f\u00fcr alle drei Bereiche, Strom, W\u00e4rme und Verkehr einen entsprechenden Ma\u00dfnahmenkatalog, innerhalb der n\u00e4chsten 12 Monate, erarbeiten.&nbsp;<\/p>\n\n\n\n<!--more-->\n\n\n\n<p><strong>Begr\u00fcndung:<\/strong><br>Der Klimawandel kommt schneller und heftiger als bef\u00fcrchtet.&nbsp;<br>So hat u.a. erst k\u00fcrzlich auch der Deutsche Wetterdienst vor der Zunahme an Wetterextremen gewarnt und im Strombereich f\u00fcr eine verst\u00e4rkte Kombination von Sonnen- und Windkraft pl\u00e4diert.&nbsp;<br>Das Fraunhofer Institut hat schon 2012 nachgewiesen, \u201edass die Bereitstellung von 100% Erneuerbaren Energien im Strom- und W\u00e4rmesektor Deutschlands technisch m\u00f6glich ist und nach erfolgter Umstellung des Energiesystems die j\u00e4hrlichen Gesamtkosten nicht h\u00f6her als die Kosten der heutigen Energieversorgung sind\u201c.&nbsp;<br>Die Weltgemeinschaft hat mit dem Paris-Vertrag beschlossen, der Klimaerw\u00e4rmung gegenzusteuern.&nbsp;<br><strong>Auch die Stadt Traunstein muss zu dessen Umsetzung ihren Anteil leisten und Verantwortung \u00fcbernehmen.&nbsp;<\/strong><br>Traunstein soll, wie z.B. die Stadt Pfaffenhofen an der Ilm, \u201eeine sozial gerechte Energiewende gestalten mit dem Ziel, eine demokratische, zukunftsf\u00e4hige, dezentrale, erneuerbare Energieversorgung bei Strom, W\u00e4rme und Verkehr aufzubauen.\u201c&nbsp;<br>Die Wertsch\u00f6pfung bleibt somit vor Ort und die Abh\u00e4ngigkeit von Energieimporten nimmt ein Ende.&nbsp;<br>Vor allem aber wird der Aussto\u00df von Treibhausgasen, allen voran des CO2, letztendlich auf Null gebracht. Eine unabdingbare Voraussetzung, damit unsere nachfolgenden Generationen ein Leben, wie wir es kennen, leben k\u00f6nnen.&nbsp;<\/p>\n\n\n\n<p>Auch Traunstein soll m\u00f6glichst schnell eine emissionsfreie und klimavertr\u00e4gliche Stadt werden. Die Stadt Traunstein leistet damit auch einen wichtigen Anteil zum Erreichen des Energiezieles 2020 des Landkreises.&nbsp;<\/p>\n\n\n\n<p><strong>Sch\u00fctzen wir gemeinsam unseren lebendigen Planeten vor der Erderhitzung. Die Pariser 1,5 Grad-Grenze darf auch in Traunstein nicht aus den Augen verloren werden.&nbsp;<\/strong><\/p>\n","protected":false},"excerpt":{"rendered":"<p>Der Antrag wurde vom Stadtrat in der Sitzung&nbsp;vom 26.7.2018 einstimmig angenommen. KlimaschutzAntragDie Stadtratsfraktion \u201eTraunsteiner Liste\u201c stellt folgenden Antrag:&nbsp; Die Stadt Traunstein m\u00f6ge sich ein konkretes Ziel f\u00fcr die Umsetzung der [&hellip;]<\/p>\n","protected":false},"author":2,"featured_media":0,"comment_status":"open","ping_status":"open","sticky":false,"template":"","format":"standard","meta":{"footnotes":""},"categories":[4],"tags":[],"class_list":["post-68","post","type-post","status-publish","format-standard","hentry","category-stadtratsantrag"],"_links":{"self":[{"href":"https:\/\/traunsteiner-liste.de\/index.php?rest_route=\/wp\/v2\/posts\/68","targetHints":{"allow":["GET"]}}],"collection":[{"href":"https:\/\/traunsteiner-liste.de\/index.php?rest_route=\/wp\/v2\/posts"}],"about":[{"href":"https:\/\/traunsteiner-liste.de\/index.php?rest_route=\/wp\/v2\/types\/post"}],"author":[{"embeddable":true,"href":"https:\/\/traunsteiner-liste.de\/index.php?rest_route=\/wp\/v2\/users\/2"}],"replies":[{"embeddable":true,"href":"https:\/\/traunsteiner-liste.de\/index.php?rest_route=%2Fwp%2Fv2%2Fcomments&post=68"}],"version-history":[{"count":3,"href":"https:\/\/traunsteiner-liste.de\/index.php?rest_route=\/wp\/v2\/posts\/68\/revisions"}],"predecessor-version":[{"id":113,"href":"https:\/\/traunsteiner-liste.de\/index.php?rest_route=\/wp\/v2\/posts\/68\/revisions\/113"}],"wp:attachment":[{"href":"https:\/\/traunsteiner-liste.de\/index.php?rest_route=%2Fwp%2Fv2%2Fmedia&parent=68"}],"wp:term":[{"taxonomy":"category","embeddable":true,"href":"https:\/\/traunsteiner-liste.de\/index.php?rest_route=%2Fwp%2Fv2%2Fcategories&post=68"},{"taxonomy":"post_tag","embeddable":true,"href":"https:\/\/traunsteiner-liste.de\/index.php?rest_route=%2Fwp%2Fv2%2Ftags&post=68"}],"curies":[{"name":"wp","href":"https:\/\/api.w.org\/{rel}","templated":true}]}}