{"id":698,"date":"2024-09-26T20:28:33","date_gmt":"2024-09-26T18:28:33","guid":{"rendered":"https:\/\/traunsteiner-liste.de\/?p=698"},"modified":"2024-09-26T20:28:33","modified_gmt":"2024-09-26T18:28:33","slug":"oekologisches-soziales-erschwingliches-und-solidarisches-leben","status":"publish","type":"post","link":"https:\/\/traunsteiner-liste.de\/?p=698","title":{"rendered":"\u00d6kologisches, soziales, erschwingliches und solidarisches Leben"},"content":{"rendered":"\n<figure class=\"wp-block-image size-large\"><img loading=\"lazy\" decoding=\"async\" width=\"1024\" height=\"768\" src=\"https:\/\/traunsteiner-liste.de\/wordpress\/wp-content\/uploads\/2024\/09\/0fa875a5-da61-4038-a09a-73caaa1725d6-1024x768.jpg\" alt=\"\" class=\"wp-image-699\" srcset=\"https:\/\/traunsteiner-liste.de\/wordpress\/wp-content\/uploads\/2024\/09\/0fa875a5-da61-4038-a09a-73caaa1725d6-1024x768.jpg 1024w, https:\/\/traunsteiner-liste.de\/wordpress\/wp-content\/uploads\/2024\/09\/0fa875a5-da61-4038-a09a-73caaa1725d6-300x225.jpg 300w, https:\/\/traunsteiner-liste.de\/wordpress\/wp-content\/uploads\/2024\/09\/0fa875a5-da61-4038-a09a-73caaa1725d6-768x576.jpg 768w, https:\/\/traunsteiner-liste.de\/wordpress\/wp-content\/uploads\/2024\/09\/0fa875a5-da61-4038-a09a-73caaa1725d6-1536x1152.jpg 1536w, https:\/\/traunsteiner-liste.de\/wordpress\/wp-content\/uploads\/2024\/09\/0fa875a5-da61-4038-a09a-73caaa1725d6-900x675.jpg 900w, https:\/\/traunsteiner-liste.de\/wordpress\/wp-content\/uploads\/2024\/09\/0fa875a5-da61-4038-a09a-73caaa1725d6-1280x960.jpg 1280w, https:\/\/traunsteiner-liste.de\/wordpress\/wp-content\/uploads\/2024\/09\/0fa875a5-da61-4038-a09a-73caaa1725d6.jpg 2040w\" sizes=\"auto, (max-width: 1024px) 100vw, 1024px\" \/><figcaption class=\"wp-element-caption\"><em>Bernhard Gerl, Gerhard Sch\u00f6nleber, Simon Filser <\/em><\/figcaption><\/figure>\n\n\n\n<p>Wie ist es m\u00f6glich, heutzutage eine erschwingliche und nachhaltige Wohnung zu finden? Eine m\u00f6gliche Antwort darauf lieferte Gerhard Sch\u00f6nleber am 23.9.2024 in seinem Vortrag \u201eGenossenschaftliches Wohnen &#8211; f\u00fcr ein \u00f6kologisches, soziales und erschwingliches Leben\u201c. Auf Einladung der Traunsteiner Liste erkl\u00e4rte er Br\u00e4ust\u00fcberl Traunstein alles Wissenswerte \u00fcber Wohnbaugenossenschaften am Beispiel der Wagnis e.G. aus M\u00fcnchen, wo er viele Jahre im Vorstand aktiv war. Neben den Grundprinzipien von Genossenschaften sowie den rechtlichen und finanziellen Details waren es besonders die Erfahrungen und Geschichten, die das Publikum am meisten begeisterten. Sch\u00f6nleber erz\u00e4hlte von seinen Erlebnissen mit idealistischen Genossenschaftsgr\u00fcnder:innen, unsolidarischen Nachbarn, aufw\u00e4ndiger Haustechnik und von den Herausforderungen mit einem gemeinschaftlichen Restaurant im Haus. So entwickelte sich schnell eine angeregte Diskussion mit den Zuh\u00f6rer:innen, die insbesondere m\u00f6gliche Genossenschaftspl\u00e4ne f\u00fcr Traunstein mit dem Referenten und den anwesenden Stadtratsmitgliedern Simon Steiner und Ulrike Hoernes er\u00f6rterten.<\/p>\n\n\n\n<p><\/p>\n","protected":false},"excerpt":{"rendered":"<p>Wie ist es m\u00f6glich, heutzutage eine erschwingliche und nachhaltige Wohnung zu finden? Eine m\u00f6gliche Antwort darauf lieferte Gerhard Sch\u00f6nleber am 23.9.2024 in seinem Vortrag \u201eGenossenschaftliches Wohnen &#8211; f\u00fcr ein \u00f6kologisches, [&hellip;]<\/p>\n","protected":false},"author":2,"featured_media":0,"comment_status":"closed","ping_status":"open","sticky":false,"template":"","format":"standard","meta":{"footnotes":""},"categories":[1],"tags":[12,13],"class_list":["post-698","post","type-post","status-publish","format-standard","hentry","category-uncategorized","tag-genossenschaft","tag-wohnen"],"_links":{"self":[{"href":"https:\/\/traunsteiner-liste.de\/index.php?rest_route=\/wp\/v2\/posts\/698","targetHints":{"allow":["GET"]}}],"collection":[{"href":"https:\/\/traunsteiner-liste.de\/index.php?rest_route=\/wp\/v2\/posts"}],"about":[{"href":"https:\/\/traunsteiner-liste.de\/index.php?rest_route=\/wp\/v2\/types\/post"}],"author":[{"embeddable":true,"href":"https:\/\/traunsteiner-liste.de\/index.php?rest_route=\/wp\/v2\/users\/2"}],"replies":[{"embeddable":true,"href":"https:\/\/traunsteiner-liste.de\/index.php?rest_route=%2Fwp%2Fv2%2Fcomments&post=698"}],"version-history":[{"count":1,"href":"https:\/\/traunsteiner-liste.de\/index.php?rest_route=\/wp\/v2\/posts\/698\/revisions"}],"predecessor-version":[{"id":700,"href":"https:\/\/traunsteiner-liste.de\/index.php?rest_route=\/wp\/v2\/posts\/698\/revisions\/700"}],"wp:attachment":[{"href":"https:\/\/traunsteiner-liste.de\/index.php?rest_route=%2Fwp%2Fv2%2Fmedia&parent=698"}],"wp:term":[{"taxonomy":"category","embeddable":true,"href":"https:\/\/traunsteiner-liste.de\/index.php?rest_route=%2Fwp%2Fv2%2Fcategories&post=698"},{"taxonomy":"post_tag","embeddable":true,"href":"https:\/\/traunsteiner-liste.de\/index.php?rest_route=%2Fwp%2Fv2%2Ftags&post=698"}],"curies":[{"name":"wp","href":"https:\/\/api.w.org\/{rel}","templated":true}]}}