{"id":73,"date":"2018-01-25T20:07:49","date_gmt":"2018-01-25T20:07:49","guid":{"rendered":"http:\/\/traunsteiner-liste.de\/wordpress\/?p=73"},"modified":"2019-01-06T20:09:18","modified_gmt":"2019-01-06T20:09:18","slug":"gut-3-jahre-stadtratsarbeit-sind-vorueber-halbzeitbilanz-meiner-stadtratsarbeit","status":"publish","type":"post","link":"https:\/\/traunsteiner-liste.de\/?p=73","title":{"rendered":"Gut 3 Jahre Stadtratsarbeit sind vor\u00fcber \u2013  Halbzeitbilanz meiner Stadtratsarbeit:"},"content":{"rendered":"\n<p><strong>Was mich \u00fcberrascht hat:<\/strong><br>Vorg\u00e4nge dauern viel l\u00e4nger als ich das erwartet habe! Es stecken Verwaltungsabl\u00e4ufe dahinter, von denen ein Laie keine Ahnung hat \u2013 Hier ist viel Geduld gefragt und immer wieder Nachfragen. Der Zeitaufwand f\u00fcr die Stadtratsarbeit ist deutlich h\u00f6herals man das von au\u00dfen sieht und erwartet!&nbsp;<\/p>\n\n\n\n<div class=\"wp-block-image\"><figure class=\"alignleft\"><img loading=\"lazy\" decoding=\"async\" width=\"576\" height=\"1024\" src=\"https:\/\/traunsteiner-liste.de\/wordpress\/wp-content\/uploads\/2019\/01\/ulrike_3-576x1024.jpg\" alt=\"\" class=\"wp-image-74\" srcset=\"https:\/\/traunsteiner-liste.de\/wordpress\/wp-content\/uploads\/2019\/01\/ulrike_3-576x1024.jpg 576w, https:\/\/traunsteiner-liste.de\/wordpress\/wp-content\/uploads\/2019\/01\/ulrike_3-169x300.jpg 169w, https:\/\/traunsteiner-liste.de\/wordpress\/wp-content\/uploads\/2019\/01\/ulrike_3.jpg 720w\" sizes=\"auto, (max-width: 576px) 100vw, 576px\" \/><\/figure><\/div>\n\n\n\n<p><strong>Womit ich zufrieden bin:<\/strong><br>Ich habe erreicht, dass die Behindertentoilette am Maxplatz f\u00fcr alle Behinderten gut zug\u00e4nglich und benutzbar geworden ist. Ebenso ist die T\u00fcr zum gro\u00dfen Rathaussaal nun per Knopfdruck zu \u00f6ffnen, die Behindertentoilette beim gro\u00dfen Rathaussaal ist jetzt deutlich gekennzeichnet. Ein Schritt in Richtung \u201ebarrierefreies Traunstein\u201c.&nbsp;<\/p>\n\n\n\n<p>Durch unseren Antrag f\u00fcr eine 2. Schulk\u00fcche f\u00fcr die Mittelschule kam eine Untersuchung der vorhandenen Raumkapazit\u00e4ten der Mittelschule und der Musikschule ins Rollen. Es kam heraus, dass beide Einrichtungen mehr Platz brauchen f\u00fcr die gewachsenen Aufgaben \u2013 der Plan f\u00fcr einen Erweiterungsbau entstand. Wenn alles gut l\u00e4uft, wird die neue Schulk\u00fcche im Herbst 2017 eingeweiht und der Neubau ein Jahr sp\u00e4ter.&nbsp;<\/p>\n\n\n\n<!--more-->\n\n\n\n<p>Wir haben uns eindeutig gegen CETA positioniert. Ein sehr wichtiges Signal!&nbsp;<\/p>\n\n\n\n<p>Ebenso eindeutig stellt sich die Traunsteiner Liste gegen eine pauschale Fl\u00e4chenausweisung im Haidforst.&nbsp;<\/p>\n\n\n\n<p><strong>Was ich gelernt habe:<\/strong><br>Man muss viel Geduld haben und darf nicht aufgeben! Man muss immer wieder nachfragen, Unterst\u00fctzer suchen, gute Argumente bringen \u2013 dann erreicht man einiges, aber in kleinen Schritten.&nbsp;<\/p>\n\n\n\n<p>Gespr\u00e4che am Rand von Veranstaltungen, Telefonate, informelle Treffen \u2013 all das ist wichtig, um zu Ergebnissen zu kommen. Und all das braucht viel Zeit!&nbsp;<\/p>\n\n\n\n<p><strong>Was ich mir w\u00fcnsche:<\/strong><\/p>\n\n\n\n<ul class=\"wp-block-list\"><li>dass die Themen Umweltschutz und soziale Themen noch mehr in den Mittelpunkt r\u00fccken.<\/li><li>dass die Belebung der Innenstadt vorangetrieben wird.<\/li><li>dass die Offene Jugendarbeit in ihrer Bedeutung gesehen und unterst\u00fctzt wird.<\/li><li>dass Betreuungsm\u00f6glichkeiten f\u00fcr Kleinkinder und Schulkinder geschaffen werden, die Familien entlasten und Frauen Berufst\u00e4tigkeit erleichtern.<\/li><\/ul>\n\n\n\n<p><strong>Die Traunsteiner Liste braucht es im Stadtrat, weil:<\/strong><\/p>\n\n\n\n<ul class=\"wp-block-list\"><li>es wichtig ist, auf \u00f6konomische, \u00f6kologische und soziale Gesichtspunkte zu achten, immer, bei jedem Thema.<\/li><li>es unabh\u00e4ngige Leute braucht, die partei\u00fcbergreifend sachbezogene L\u00f6sungen suchen<\/li><li>zum Nutzen f\u00fcr eine wichtige Sache!&nbsp;<\/li><li>sich viele B\u00fcrger von einer Partei nicht vertreten \/ verstanden f\u00fchlen, sondern sich einfach \u201ef\u00fcr die Sache\u201c einsetzen wollen, hier vor Ort, jetzt, ganz konkret. Und in diesem Anliegen f\u00fchlen sie sich von der Traunsteiner Liste am besten geh\u00f6rt und vertreten.<\/li><\/ul>\n\n\n\n<p><strong>Deshalb freue ich mich \u00fcber jeden, der unsere Gruppe aktiv unterst\u00fctzt!<\/strong><\/p>\n","protected":false},"excerpt":{"rendered":"<p>Was mich \u00fcberrascht hat:Vorg\u00e4nge dauern viel l\u00e4nger als ich das erwartet habe! Es stecken Verwaltungsabl\u00e4ufe dahinter, von denen ein Laie keine Ahnung hat \u2013 Hier ist viel Geduld gefragt und [&hellip;]<\/p>\n","protected":false},"author":2,"featured_media":0,"comment_status":"open","ping_status":"open","sticky":false,"template":"","format":"standard","meta":{"footnotes":""},"categories":[1],"tags":[],"class_list":["post-73","post","type-post","status-publish","format-standard","hentry","category-uncategorized"],"_links":{"self":[{"href":"https:\/\/traunsteiner-liste.de\/index.php?rest_route=\/wp\/v2\/posts\/73","targetHints":{"allow":["GET"]}}],"collection":[{"href":"https:\/\/traunsteiner-liste.de\/index.php?rest_route=\/wp\/v2\/posts"}],"about":[{"href":"https:\/\/traunsteiner-liste.de\/index.php?rest_route=\/wp\/v2\/types\/post"}],"author":[{"embeddable":true,"href":"https:\/\/traunsteiner-liste.de\/index.php?rest_route=\/wp\/v2\/users\/2"}],"replies":[{"embeddable":true,"href":"https:\/\/traunsteiner-liste.de\/index.php?rest_route=%2Fwp%2Fv2%2Fcomments&post=73"}],"version-history":[{"count":1,"href":"https:\/\/traunsteiner-liste.de\/index.php?rest_route=\/wp\/v2\/posts\/73\/revisions"}],"predecessor-version":[{"id":75,"href":"https:\/\/traunsteiner-liste.de\/index.php?rest_route=\/wp\/v2\/posts\/73\/revisions\/75"}],"wp:attachment":[{"href":"https:\/\/traunsteiner-liste.de\/index.php?rest_route=%2Fwp%2Fv2%2Fmedia&parent=73"}],"wp:term":[{"taxonomy":"category","embeddable":true,"href":"https:\/\/traunsteiner-liste.de\/index.php?rest_route=%2Fwp%2Fv2%2Fcategories&post=73"},{"taxonomy":"post_tag","embeddable":true,"href":"https:\/\/traunsteiner-liste.de\/index.php?rest_route=%2Fwp%2Fv2%2Ftags&post=73"}],"curies":[{"name":"wp","href":"https:\/\/api.w.org\/{rel}","templated":true}]}}