{"id":900,"date":"2026-03-15T14:50:57","date_gmt":"2026-03-15T13:50:57","guid":{"rendered":"https:\/\/traunsteiner-liste.de\/?p=900"},"modified":"2026-03-15T15:28:16","modified_gmt":"2026-03-15T14:28:16","slug":"redebeitrag-fuer-toleranz-und-vielfalt-am-14-3-2026-in-traunstein","status":"publish","type":"post","link":"https:\/\/traunsteiner-liste.de\/?p=900","title":{"rendered":"Redebeitrag \u201eF\u00fcr Toleranz und Vielfalt\u201c am 14.3.2026 in Traunstein"},"content":{"rendered":"\n<p>Von Simon Filser, Traunsteiner Liste<\/p>\n\n\n\n<p><em>Anm: Aufgrund der L\u00e4nge der vorangegangenen Beitr\u00e4ge wurde auf der Demo selbst eine verk\u00fcrzte Version vorgetragen.<\/em><\/p>\n\n\n<div class=\"wp-block-image\">\n<figure class=\"alignright size-medium\"><img loading=\"lazy\" decoding=\"async\" width=\"225\" height=\"300\" src=\"https:\/\/traunsteiner-liste.de\/wordpress\/wp-content\/uploads\/2026\/03\/PHOTO-2026-03-14-20-53-10-225x300.jpg\" alt=\"\" class=\"wp-image-902\" srcset=\"https:\/\/traunsteiner-liste.de\/wordpress\/wp-content\/uploads\/2026\/03\/PHOTO-2026-03-14-20-53-10-225x300.jpg 225w, https:\/\/traunsteiner-liste.de\/wordpress\/wp-content\/uploads\/2026\/03\/PHOTO-2026-03-14-20-53-10.jpg 600w\" sizes=\"auto, (max-width: 225px) 100vw, 225px\" \/><figcaption class=\"wp-element-caption\">Foto: H.Gstettner<\/figcaption><\/figure>\n<\/div>\n\n\n<p>In meinem Beitrag geht es vor allem um die Menschen, die nicht stramm rechts eingestellt sind. Gerade die Leute, die erst seit einiger Zeit auf verschiedenen Kan\u00e4len rechtsradikalen Nachrichten ausgesetzt sind, m\u00fcssen wir wachr\u00fctteln, wir d\u00fcrfen sie nicht verloren geben. Vermutlich ist es Ihnen in letzter Zeit auch schon so ergangen: Im Gespr\u00e4ch mit Leuten aus Familie und Bekanntenkreis, auch mit solchen, die eigentlich immer eine gem\u00e4\u00dfigte demokratische Grundeinstellung hatten, tauchen auf einmal in einem Nebensatz Narrative der neuen Rechten auf. Mich pers\u00f6nlich hat das sehr best\u00fcrzt, zu merken, wie gro\u00df deren mediale Reichweite inzwischen ist \u2013 auch wenn sie sich selbst gerne als Unterdr\u00fcckte darstellen..&nbsp;<\/p>\n\n\n\n<p>Hier ein paar Gedanken, wo man ansetzen k\u00f6nnte: Ich pers\u00f6nlich finde es als Naturwissenschaftler sehr wichtig, dass man Nachrichten kritisch hinterfragt. Aber wird hier nicht oft mit zweierlei Ma\u00df gemessen? Sollte man nicht gerade solche Aussagen besonders kritisch unter die Lupe nehmen, die aus sozialen Medien stammen, wo Menschen und Bots aus der ganzen Welt unter minimaler Kontrolle Inhalte einspeisen?<\/p>\n\n\n\n<p>Besonders beim Wort \u201eDemokratie\u201c lohnt es sich, kritisch zu hinterfragen. Hier geht es heute um ein sog. \u201eDemokratiezentrum\u201c \u2013 dazu lade ich alle ein, einen Blick in die j\u00fcngste Geschichte in L\u00e4nder zu werfen, wo schon neue Rechte regieren: Wird dort die Gewaltenteilung gest\u00e4rkt? Wird dort sichergestellt, dass Minderheiten Zugang zu Wahlen haben? Und zeigen sich die Vertreter rechtsradikaler Parteien als Vorbilder im Kampf gegen Korruption oder suchen sie die N\u00e4he von superreichen Spendern?<\/p>\n\n\n\n<p>Ganz entscheidend ist in der Demokratie auch die Meinungsfreiheit: Diese hei\u00dft doch nicht, dass einem bei seinen eigenen steilen Thesen niemand widerspricht \u2013 besonders die Vielfalt an Meinungen ist entscheidend f\u00fcr eine freie Gesellschaft! Wenn die Meinungsfreiheit irgendwo Grenzen hat, dann da, wo sie die Freiheit der Schw\u00e4chsten in der Gesellschaft sch\u00fctzt \u2013 nicht die der Lauten und Starken! Auch hier hilft der Blick ins Ausland: Wollen die neuen Rechten wirklich, dass alle Mitglieder der Gesellschaft geh\u00f6rt werden, dass es eine vielf\u00e4ltige Presse gibt? Sorgen sie f\u00fcr den Schutz von Demonstrant:innen?<\/p>\n\n\n\n<p>Und auch beim Thema Gerechtigkeit lohnt es sich, kritisch zu hinterfragen: Sind die neuen Rechten wirklich die Anw\u00e4lte der einfachen Leute? Oder hetzen sie im Gegenteil die verschiedenen Benachteiligten Gruppen gegeneinander auf?&nbsp;<\/p>\n\n\n\n<p>Lasst uns in diesem Sinne gemeinsam nachdenken, diskutieren und die Demokratie leben!<\/p>\n","protected":false},"excerpt":{"rendered":"<p>Von Simon Filser, Traunsteiner Liste Anm: Aufgrund der L\u00e4nge der vorangegangenen Beitr\u00e4ge wurde auf der Demo selbst eine verk\u00fcrzte Version vorgetragen. In meinem Beitrag geht es vor allem um die [&hellip;]<\/p>\n","protected":false},"author":2,"featured_media":0,"comment_status":"closed","ping_status":"open","sticky":false,"template":"","format":"standard","meta":{"footnotes":""},"categories":[1],"tags":[],"class_list":["post-900","post","type-post","status-publish","format-standard","hentry","category-uncategorized"],"_links":{"self":[{"href":"https:\/\/traunsteiner-liste.de\/index.php?rest_route=\/wp\/v2\/posts\/900","targetHints":{"allow":["GET"]}}],"collection":[{"href":"https:\/\/traunsteiner-liste.de\/index.php?rest_route=\/wp\/v2\/posts"}],"about":[{"href":"https:\/\/traunsteiner-liste.de\/index.php?rest_route=\/wp\/v2\/types\/post"}],"author":[{"embeddable":true,"href":"https:\/\/traunsteiner-liste.de\/index.php?rest_route=\/wp\/v2\/users\/2"}],"replies":[{"embeddable":true,"href":"https:\/\/traunsteiner-liste.de\/index.php?rest_route=%2Fwp%2Fv2%2Fcomments&post=900"}],"version-history":[{"count":3,"href":"https:\/\/traunsteiner-liste.de\/index.php?rest_route=\/wp\/v2\/posts\/900\/revisions"}],"predecessor-version":[{"id":904,"href":"https:\/\/traunsteiner-liste.de\/index.php?rest_route=\/wp\/v2\/posts\/900\/revisions\/904"}],"wp:attachment":[{"href":"https:\/\/traunsteiner-liste.de\/index.php?rest_route=%2Fwp%2Fv2%2Fmedia&parent=900"}],"wp:term":[{"taxonomy":"category","embeddable":true,"href":"https:\/\/traunsteiner-liste.de\/index.php?rest_route=%2Fwp%2Fv2%2Fcategories&post=900"},{"taxonomy":"post_tag","embeddable":true,"href":"https:\/\/traunsteiner-liste.de\/index.php?rest_route=%2Fwp%2Fv2%2Ftags&post=900"}],"curies":[{"name":"wp","href":"https:\/\/api.w.org\/{rel}","templated":true}]}}