{"id":917,"date":"2026-04-28T19:35:29","date_gmt":"2026-04-28T17:35:29","guid":{"rendered":"https:\/\/traunsteiner-liste.de\/?p=917"},"modified":"2026-04-28T19:35:29","modified_gmt":"2026-04-28T17:35:29","slug":"neuer-vorstand","status":"publish","type":"post","link":"https:\/\/traunsteiner-liste.de\/?p=917","title":{"rendered":"Neuer Vorstand"},"content":{"rendered":"\n<p>Nach einem kurzen, aber erfolgreichen Wahlkampf, in dem die Traunsteiner Liste wieder 2 Stadtratsmandate sichern konnte, hat die W\u00e4hlervereinigung auf ihrer Jahreshauptversammlung einen neuen Vorstand gew\u00e4hlt. Am 23.3. wurde Hubert Gstettner zum neuen ersten Vorsitzenden, sein Stellvertreter wird der bisherige Vorsitzende Bernhard Gerl. Der neue Vorstand wird durch den Kassier Andreas Humhauser, Schriftf\u00fchrer Maximilian Rolshausen und Beisitzer Markus Wimmer vervollst\u00e4ndigt.<\/p>\n\n\n\n<figure class=\"wp-block-image size-large\"><img loading=\"lazy\" decoding=\"async\" width=\"1024\" height=\"683\" src=\"https:\/\/traunsteiner-liste.de\/wordpress\/wp-content\/uploads\/2026\/04\/PHOTO-2026-04-28-17-56-07-1024x683.jpg\" alt=\"\" class=\"wp-image-918\" srcset=\"https:\/\/traunsteiner-liste.de\/wordpress\/wp-content\/uploads\/2026\/04\/PHOTO-2026-04-28-17-56-07-1024x683.jpg 1024w, https:\/\/traunsteiner-liste.de\/wordpress\/wp-content\/uploads\/2026\/04\/PHOTO-2026-04-28-17-56-07-300x200.jpg 300w, https:\/\/traunsteiner-liste.de\/wordpress\/wp-content\/uploads\/2026\/04\/PHOTO-2026-04-28-17-56-07-768x512.jpg 768w, https:\/\/traunsteiner-liste.de\/wordpress\/wp-content\/uploads\/2026\/04\/PHOTO-2026-04-28-17-56-07-1536x1024.jpg 1536w, https:\/\/traunsteiner-liste.de\/wordpress\/wp-content\/uploads\/2026\/04\/PHOTO-2026-04-28-17-56-07-900x600.jpg 900w, https:\/\/traunsteiner-liste.de\/wordpress\/wp-content\/uploads\/2026\/04\/PHOTO-2026-04-28-17-56-07-1280x854.jpg 1280w, https:\/\/traunsteiner-liste.de\/wordpress\/wp-content\/uploads\/2026\/04\/PHOTO-2026-04-28-17-56-07.jpg 1600w\" sizes=\"auto, (max-width: 1024px) 100vw, 1024px\" \/><\/figure>\n\n\n\n<p>Nachdem sich in den Wochen vor der Kommunalwahl ein schlagkr\u00e4ftiges Team f\u00fcr den Wahlkampf zusammengefunden hat, freuen sich die Anwesenden darauf, gemeinsam die Stadtpolitik der n\u00e4chsten 6 Jahre \u201e\u00f6konomisch, \u00f6kologisch, sozial\u201c mitzugestalten. Die neue Vorstandschaft hat vor, weiterhin spannende Veranstaltungen rund um Wohnen, Verkehr, Umwelt und Demokratie auf die Beine zu stellen. Gemeinsam mit den Mitgliedern und der designierten Fraktion der Traunsteiner Liste, bestehend aus Ulrike Hoernes und Simon Filser, sollen aktuelle Themen aus dem Stadtrat diskutiert werden, um konstruktive Akzente f\u00fcr die Kreisstadt zu setzen. &nbsp;<\/p>\n","protected":false},"excerpt":{"rendered":"<p>Nach einem kurzen, aber erfolgreichen Wahlkampf, in dem die Traunsteiner Liste wieder 2 Stadtratsmandate sichern konnte, hat die W\u00e4hlervereinigung auf ihrer Jahreshauptversammlung einen neuen Vorstand gew\u00e4hlt. Am 23.3. wurde Hubert [&hellip;]<\/p>\n","protected":false},"author":2,"featured_media":0,"comment_status":"closed","ping_status":"open","sticky":false,"template":"","format":"standard","meta":{"footnotes":""},"categories":[1],"tags":[],"class_list":["post-917","post","type-post","status-publish","format-standard","hentry","category-uncategorized"],"_links":{"self":[{"href":"https:\/\/traunsteiner-liste.de\/index.php?rest_route=\/wp\/v2\/posts\/917","targetHints":{"allow":["GET"]}}],"collection":[{"href":"https:\/\/traunsteiner-liste.de\/index.php?rest_route=\/wp\/v2\/posts"}],"about":[{"href":"https:\/\/traunsteiner-liste.de\/index.php?rest_route=\/wp\/v2\/types\/post"}],"author":[{"embeddable":true,"href":"https:\/\/traunsteiner-liste.de\/index.php?rest_route=\/wp\/v2\/users\/2"}],"replies":[{"embeddable":true,"href":"https:\/\/traunsteiner-liste.de\/index.php?rest_route=%2Fwp%2Fv2%2Fcomments&post=917"}],"version-history":[{"count":1,"href":"https:\/\/traunsteiner-liste.de\/index.php?rest_route=\/wp\/v2\/posts\/917\/revisions"}],"predecessor-version":[{"id":919,"href":"https:\/\/traunsteiner-liste.de\/index.php?rest_route=\/wp\/v2\/posts\/917\/revisions\/919"}],"wp:attachment":[{"href":"https:\/\/traunsteiner-liste.de\/index.php?rest_route=%2Fwp%2Fv2%2Fmedia&parent=917"}],"wp:term":[{"taxonomy":"category","embeddable":true,"href":"https:\/\/traunsteiner-liste.de\/index.php?rest_route=%2Fwp%2Fv2%2Fcategories&post=917"},{"taxonomy":"post_tag","embeddable":true,"href":"https:\/\/traunsteiner-liste.de\/index.php?rest_route=%2Fwp%2Fv2%2Ftags&post=917"}],"curies":[{"name":"wp","href":"https:\/\/api.w.org\/{rel}","templated":true}]}}