{"id":92,"date":"2019-01-25T21:50:18","date_gmt":"2019-01-25T20:50:18","guid":{"rendered":"http:\/\/traunsteiner-liste.de\/wordpress\/?p=92"},"modified":"2019-02-17T20:42:02","modified_gmt":"2019-02-17T19:42:02","slug":"bussystem-in-traunstein-und-pfaffenhofen","status":"publish","type":"post","link":"https:\/\/traunsteiner-liste.de\/?p=92","title":{"rendered":"Bussystem in Traunstein und Pfaffenhofen- ein Vergleich"},"content":{"rendered":"\n<p>Seit einigen Jahren f\u00e4hrt in Traunstein der Rufbus. Um ihn nutzen zu k\u00f6nnen, m\u00fcssen Fahrg\u00e4ste mindestens eine Stunde vor Abfahrt im Rathaus anrufen und dort ihre Fahrt anmelden.<\/p>\n\n\n\n<p>Die Traunsteiner Liste ist nicht grunds\u00e4tzlich gegen den Rufbus, da er f\u00fcr Mitb\u00fcrger ohne Auto eine M\u00f6glichkeit ist, in der Stadt mobil zu bleiben.&nbsp;Jedoch ist nach unsere Ansicht der Rufbus kein besonders attraktives Angebot. Kein B\u00fcrger wird den Rufbus statt seines Autos benutzen!<\/p>\n\n\n\n<!--more-->\n\n\n\n<p>Die oberbayerische Stadt Pfaffenhofen an der Ilm, \u00e4hnlich gro\u00df wie Traunstein, beweist, &nbsp;dass es auch anders geht.<\/p>\n\n\n\n<p>Pfaffenhofen gibt daf\u00fcr zwar &nbsp;mit 600.000\u20ac im Jahr etwa 6-mal soviel aus wie Traunstein. Das Ergebnis kann sich jedoch sehen lassen: So fahren in Traunstein j\u00e4hrlich 8000 Fahrg\u00e4ste, in Pfaffenhofen 270.000 Fahrg\u00e4ste mit dem \u00d6PN.&nbsp;Das sind&nbsp;34mal&nbsp;mehr Fahrg\u00e4ste!<\/p>\n\n\n\n<p>Das Bussystem in Pfaffenhofen zeichnet aus:<\/p>\n\n\n\n<ul class=\"wp-block-list\"><li>8 Buslinien, die in alle Stadtteile verkehren<\/li><li>ein fester Stundentakt, sowie auf vielen Linien ein Halbstundentakt<\/li><li>Fahrzeiten von 5:30 Uhr bis nach 20:00 Uhr , damit ist es auch f\u00fcr Berufspendler in die Stadt und zum Bahnhof attraktiv&nbsp;<\/li><li>g\u00fcnstige Fahrpreise<\/li><li>ab 2019 sogar kostenlose Fahrscheine<\/li><li>geplant ab 2020: Anschaffung von Elektrobussen<\/li><\/ul>\n\n\n\n<p>Die Vorteile f\u00fcr Stadt und B\u00fcrger<\/p>\n\n\n\n<ul class=\"wp-block-list\"><li>geringere Abh\u00e4ngigkeit vom eigenen Auto &nbsp;(f\u00fcr manche Familien kann ein Zweitauto entfallen)<\/li><li>B\u00fcrger ohne F\u00fchrerschein (Kinder, Jugendliche und Senioren) sind mobiler<\/li><li>Verkehrsreduktion in der Innenstadt &nbsp;(weniger Staus)<\/li><li>weniger Parksuchverkehr und Parkplatzmangel&nbsp;<\/li><li>Reduktion des CO2-Aussto\u00dfes , der Feinstaubbelastung, des Verkehrsl\u00e4rms<\/li><li>positives Image als \u00f6kologische Stadt<\/li><\/ul>\n\n\n\n<p><strong>Deshalb fordern wir von der Traunsteiner Liste auch f\u00fcr Traunstein eine deutliche Verbesserung des aktuellen Busangebotes:<\/strong><\/p>\n\n\n\n<ul class=\"wp-block-list\"><li>fester Busfahrplan mit mindestens einem Stundentakt<\/li><li>l\u00e4ngere Fahrzeiten von 5:30 Uhr&nbsp;&nbsp;bis 20:00 Uhr<\/li><li>mehrere (3-4) Buslinien auch in die Au\u00dfenbereiche (Wolkersdorf, Kammer)<\/li><\/ul>\n\n\n\n<iframe loading=\"lazy\" src=\"https:\/\/docs.google.com\/presentation\/d\/e\/2PACX-1vS8jGCbEL6-ucr8kWTmXzlSIES9PBvG4f0r7PUjlYPPE4JiZxZ1Ji75-tQHac4Vi7JTpbP6mTRiAQ4V\/embed?start=false&amp;loop=false&amp;delayms=3000\" frameborder=\"0\" width=\"960\" height=\"569\" allowfullscreen=\"true\" mozallowfullscreen=\"true\" webkitallowfullscreen=\"true\"><\/iframe>\n","protected":false},"excerpt":{"rendered":"<p>Seit einigen Jahren f\u00e4hrt in Traunstein der Rufbus. Um ihn nutzen zu k\u00f6nnen, m\u00fcssen Fahrg\u00e4ste mindestens eine Stunde vor Abfahrt im Rathaus anrufen und dort ihre Fahrt anmelden. Die Traunsteiner [&hellip;]<\/p>\n","protected":false},"author":2,"featured_media":0,"comment_status":"open","ping_status":"open","sticky":false,"template":"","format":"standard","meta":{"footnotes":""},"categories":[6],"tags":[],"class_list":["post-92","post","type-post","status-publish","format-standard","hentry","category-verkehrswende"],"_links":{"self":[{"href":"https:\/\/traunsteiner-liste.de\/index.php?rest_route=\/wp\/v2\/posts\/92","targetHints":{"allow":["GET"]}}],"collection":[{"href":"https:\/\/traunsteiner-liste.de\/index.php?rest_route=\/wp\/v2\/posts"}],"about":[{"href":"https:\/\/traunsteiner-liste.de\/index.php?rest_route=\/wp\/v2\/types\/post"}],"author":[{"embeddable":true,"href":"https:\/\/traunsteiner-liste.de\/index.php?rest_route=\/wp\/v2\/users\/2"}],"replies":[{"embeddable":true,"href":"https:\/\/traunsteiner-liste.de\/index.php?rest_route=%2Fwp%2Fv2%2Fcomments&post=92"}],"version-history":[{"count":5,"href":"https:\/\/traunsteiner-liste.de\/index.php?rest_route=\/wp\/v2\/posts\/92\/revisions"}],"predecessor-version":[{"id":199,"href":"https:\/\/traunsteiner-liste.de\/index.php?rest_route=\/wp\/v2\/posts\/92\/revisions\/199"}],"wp:attachment":[{"href":"https:\/\/traunsteiner-liste.de\/index.php?rest_route=%2Fwp%2Fv2%2Fmedia&parent=92"}],"wp:term":[{"taxonomy":"category","embeddable":true,"href":"https:\/\/traunsteiner-liste.de\/index.php?rest_route=%2Fwp%2Fv2%2Fcategories&post=92"},{"taxonomy":"post_tag","embeddable":true,"href":"https:\/\/traunsteiner-liste.de\/index.php?rest_route=%2Fwp%2Fv2%2Ftags&post=92"}],"curies":[{"name":"wp","href":"https:\/\/api.w.org\/{rel}","templated":true}]}}